{"id":5343,"date":"2018-05-30T18:26:42","date_gmt":"2018-05-30T18:26:42","guid":{"rendered":"http:\/\/siddharta.cl\/pilotos\/editorial\/?p=5343"},"modified":"2018-06-20T00:42:38","modified_gmt":"2018-06-20T00:42:38","slug":"leon-bavaro-las-peripecias-de-un-soldado-de-napoleon","status":"publish","type":"post","link":"https:\/\/www.academiahistoriamilitar.cl\/editorial\/leon-bavaro-las-peripecias-de-un-soldado-de-napoleon\/","title":{"rendered":"LE\u00d3N B\u00c1VARO. LAS PERIPECIAS DE UN SOLDADO DE NAPOLE\u00d3N"},"content":{"rendered":"","protected":false},"excerpt":{"rendered":"","protected":false},"author":1,"featured_media":5369,"comment_status":"open","ping_status":"open","sticky":false,"template":"","format":"standard","meta":[],"categories":[30],"tags":[],"_links":{"self":[{"href":"https:\/\/www.academiahistoriamilitar.cl\/editorial\/wp-json\/wp\/v2\/posts\/5343"}],"collection":[{"href":"https:\/\/www.academiahistoriamilitar.cl\/editorial\/wp-json\/wp\/v2\/posts"}],"about":[{"href":"https:\/\/www.academiahistoriamilitar.cl\/editorial\/wp-json\/wp\/v2\/types\/post"}],"author":[{"embeddable":true,"href":"https:\/\/www.academiahistoriamilitar.cl\/editorial\/wp-json\/wp\/v2\/users\/1"}],"replies":[{"embeddable":true,"href":"https:\/\/www.academiahistoriamilitar.cl\/editorial\/wp-json\/wp\/v2\/comments?post=5343"}],"version-history":[{"count":1,"href":"https:\/\/www.academiahistoriamilitar.cl\/editorial\/wp-json\/wp\/v2\/posts\/5343\/revisions"}],"predecessor-version":[{"id":5345,"href":"https:\/\/www.academiahistoriamilitar.cl\/editorial\/wp-json\/wp\/v2\/posts\/5343\/revisions\/5345"}],"wp:featuredmedia":[{"embeddable":true,"href":"https:\/\/www.academiahistoriamilitar.cl\/editorial\/wp-json\/wp\/v2\/media\/5369"}],"wp:attachment":[{"href":"https:\/\/www.academiahistoriamilitar.cl\/editorial\/wp-json\/wp\/v2\/media?parent=5343"}],"wp:term":[{"taxonomy":"category","embeddable":true,"href":"https:\/\/www.academiahistoriamilitar.cl\/editorial\/wp-json\/wp\/v2\/categories?post=5343"},{"taxonomy":"post_tag","embeddable":true,"href":"https:\/\/www.academiahistoriamilitar.cl\/editorial\/wp-json\/wp\/v2\/tags?post=5343"}],"curies":[{"name":"wp","href":"https:\/\/api.w.org\/{rel}","templated":true}]}}