{"id":9940,"date":"2025-09-15T19:44:33","date_gmt":"2025-09-15T19:44:33","guid":{"rendered":"https:\/\/www.academiahistoriamilitar.cl\/academia\/?p=9940"},"modified":"2025-09-15T19:44:34","modified_gmt":"2025-09-15T19:44:34","slug":"presentacion-del-iv-tomo-de-la-historia-del-ejercito","status":"publish","type":"post","link":"https:\/\/www.academiahistoriamilitar.cl\/academia\/presentacion-del-iv-tomo-de-la-historia-del-ejercito\/","title":{"rendered":"PRESENTACI\u00d3N DEL IV TOMO DE LA HISTORIA DEL EJ\u00c9RCITO"},"content":{"rendered":"\n<p>El pasado viernes 12 de septiembre, la Academia de Historia Militar, en dependencias del Museo Hist\u00f3rico y Militar, present\u00f3 con la presencia del Comandante en Jefe, general Javier Iturriaga Del Campo, del Gerente de Asuntos P\u00fablicos de la Compa\u00f1\u00eda Minera \u201cDo\u00f1a In\u00e9s de Collahuasi\u201d don Luciano Malhue Gonz\u00e1lez, e invitados especiales el Tomo IV Historia del Ej\u00e9rcito.\u00a0<\/p>\n\n\n\n<figure class=\"wp-block-image size-large\"><img loading=\"lazy\" decoding=\"async\" width=\"1024\" height=\"552\" src=\"https:\/\/www.academiahistoriamilitar.cl\/academia\/wp-content\/uploads\/2025\/09\/image-10-1024x552.png\" alt=\"\" class=\"wp-image-9941\" srcset=\"https:\/\/www.academiahistoriamilitar.cl\/academia\/wp-content\/uploads\/2025\/09\/image-10-1024x552.png 1024w, https:\/\/www.academiahistoriamilitar.cl\/academia\/wp-content\/uploads\/2025\/09\/image-10-300x162.png 300w, https:\/\/www.academiahistoriamilitar.cl\/academia\/wp-content\/uploads\/2025\/09\/image-10-768x414.png 768w, https:\/\/www.academiahistoriamilitar.cl\/academia\/wp-content\/uploads\/2025\/09\/image-10-1536x828.png 1536w, https:\/\/www.academiahistoriamilitar.cl\/academia\/wp-content\/uploads\/2025\/09\/image-10-139x75.png 139w, https:\/\/www.academiahistoriamilitar.cl\/academia\/wp-content\/uploads\/2025\/09\/image-10-960x518.png 960w, https:\/\/www.academiahistoriamilitar.cl\/academia\/wp-content\/uploads\/2025\/09\/image-10-890x480.png 890w, https:\/\/www.academiahistoriamilitar.cl\/academia\/wp-content\/uploads\/2025\/09\/image-10-480x259.png 480w, https:\/\/www.academiahistoriamilitar.cl\/academia\/wp-content\/uploads\/2025\/09\/image-10-800x431.png 800w, https:\/\/www.academiahistoriamilitar.cl\/academia\/wp-content\/uploads\/2025\/09\/image-10.png 2048w\" sizes=\"auto, (max-width:767px) 480px, (max-width:1024px) 100vw, 1024px\" \/><\/figure>\n\n\n\n<p>La ceremonia se inici\u00f3 con la alocuci\u00f3n del Presidente del Consejo Directivo de la Academia, general Tulio Hermosilla Arriagada, quien hizo un recorrido por la historia editorial de esta corporaci\u00f3n. Posteriormente, el Director Ejecutivo de la Academia y Editor General de la obra, general Andr\u00e9s Avenda\u00f1o Rojas, la present\u00f3&nbsp; en su conjunto entregando detalles acerca de lo que fue su proceso editorial.&nbsp; Comentaron el IV tomo el profesor don Jos\u00e9 Rodriguez Elizondo&nbsp; y el general Alfredo Ewing&nbsp; Pinochet. El primero intervino haciendo referencia a los aspectos pol\u00edtico-militares del periodo 1958-2010 de nuestra historia nacional, y el segundo bas\u00f3 su intervenci\u00f3n en los aspectos netamente militares de ese mismo periodo.&nbsp;<\/p>\n\n\n\n<figure class=\"wp-block-image size-large\"><img loading=\"lazy\" decoding=\"async\" width=\"1024\" height=\"644\" src=\"https:\/\/www.academiahistoriamilitar.cl\/academia\/wp-content\/uploads\/2025\/09\/image-11-1024x644.png\" alt=\"\" class=\"wp-image-9942\" srcset=\"https:\/\/www.academiahistoriamilitar.cl\/academia\/wp-content\/uploads\/2025\/09\/image-11-1024x644.png 1024w, https:\/\/www.academiahistoriamilitar.cl\/academia\/wp-content\/uploads\/2025\/09\/image-11-300x189.png 300w, https:\/\/www.academiahistoriamilitar.cl\/academia\/wp-content\/uploads\/2025\/09\/image-11-768x483.png 768w, https:\/\/www.academiahistoriamilitar.cl\/academia\/wp-content\/uploads\/2025\/09\/image-11-1536x965.png 1536w, https:\/\/www.academiahistoriamilitar.cl\/academia\/wp-content\/uploads\/2025\/09\/image-11-119x75.png 119w, https:\/\/www.academiahistoriamilitar.cl\/academia\/wp-content\/uploads\/2025\/09\/image-11-960x603.png 960w, https:\/\/www.academiahistoriamilitar.cl\/academia\/wp-content\/uploads\/2025\/09\/image-11-764x480.png 764w, https:\/\/www.academiahistoriamilitar.cl\/academia\/wp-content\/uploads\/2025\/09\/image-11-480x302.png 480w, https:\/\/www.academiahistoriamilitar.cl\/academia\/wp-content\/uploads\/2025\/09\/image-11-800x503.png 800w, https:\/\/www.academiahistoriamilitar.cl\/academia\/wp-content\/uploads\/2025\/09\/image-11.png 2048w\" sizes=\"auto, (max-width:767px) 480px, (max-width:1024px) 100vw, 1024px\" \/><\/figure>\n\n\n\n<figure class=\"wp-block-image size-large\"><img loading=\"lazy\" decoding=\"async\" width=\"1024\" height=\"617\" src=\"https:\/\/www.academiahistoriamilitar.cl\/academia\/wp-content\/uploads\/2025\/09\/image-12-1024x617.png\" alt=\"\" class=\"wp-image-9943\" srcset=\"https:\/\/www.academiahistoriamilitar.cl\/academia\/wp-content\/uploads\/2025\/09\/image-12-1024x617.png 1024w, https:\/\/www.academiahistoriamilitar.cl\/academia\/wp-content\/uploads\/2025\/09\/image-12-300x181.png 300w, https:\/\/www.academiahistoriamilitar.cl\/academia\/wp-content\/uploads\/2025\/09\/image-12-768x463.png 768w, https:\/\/www.academiahistoriamilitar.cl\/academia\/wp-content\/uploads\/2025\/09\/image-12-1536x926.png 1536w, https:\/\/www.academiahistoriamilitar.cl\/academia\/wp-content\/uploads\/2025\/09\/image-12-124x75.png 124w, https:\/\/www.academiahistoriamilitar.cl\/academia\/wp-content\/uploads\/2025\/09\/image-12-960x578.png 960w, https:\/\/www.academiahistoriamilitar.cl\/academia\/wp-content\/uploads\/2025\/09\/image-12-797x480.png 797w, https:\/\/www.academiahistoriamilitar.cl\/academia\/wp-content\/uploads\/2025\/09\/image-12-480x289.png 480w, https:\/\/www.academiahistoriamilitar.cl\/academia\/wp-content\/uploads\/2025\/09\/image-12-800x482.png 800w, https:\/\/www.academiahistoriamilitar.cl\/academia\/wp-content\/uploads\/2025\/09\/image-12.png 2048w\" sizes=\"auto, (max-width:767px) 480px, (max-width:1024px) 100vw, 1024px\" \/><\/figure>\n\n\n\n<figure class=\"wp-block-image size-large\"><img loading=\"lazy\" decoding=\"async\" width=\"1024\" height=\"708\" src=\"https:\/\/www.academiahistoriamilitar.cl\/academia\/wp-content\/uploads\/2025\/09\/image-14-1024x708.png\" alt=\"\" class=\"wp-image-9945\" srcset=\"https:\/\/www.academiahistoriamilitar.cl\/academia\/wp-content\/uploads\/2025\/09\/image-14-1024x708.png 1024w, https:\/\/www.academiahistoriamilitar.cl\/academia\/wp-content\/uploads\/2025\/09\/image-14-300x207.png 300w, https:\/\/www.academiahistoriamilitar.cl\/academia\/wp-content\/uploads\/2025\/09\/image-14-768x531.png 768w, https:\/\/www.academiahistoriamilitar.cl\/academia\/wp-content\/uploads\/2025\/09\/image-14-108x75.png 108w, https:\/\/www.academiahistoriamilitar.cl\/academia\/wp-content\/uploads\/2025\/09\/image-14-960x664.png 960w, https:\/\/www.academiahistoriamilitar.cl\/academia\/wp-content\/uploads\/2025\/09\/image-14-694x480.png 694w, https:\/\/www.academiahistoriamilitar.cl\/academia\/wp-content\/uploads\/2025\/09\/image-14-480x332.png 480w, https:\/\/www.academiahistoriamilitar.cl\/academia\/wp-content\/uploads\/2025\/09\/image-14-800x553.png 800w, https:\/\/www.academiahistoriamilitar.cl\/academia\/wp-content\/uploads\/2025\/09\/image-14.png 1354w\" sizes=\"auto, (max-width:767px) 480px, (max-width:1024px) 100vw, 1024px\" \/><\/figure>\n\n\n\n<figure class=\"wp-block-image size-large\"><img loading=\"lazy\" decoding=\"async\" width=\"1024\" height=\"674\" src=\"https:\/\/www.academiahistoriamilitar.cl\/academia\/wp-content\/uploads\/2025\/09\/image-13-1024x674.png\" alt=\"\" class=\"wp-image-9944\" srcset=\"https:\/\/www.academiahistoriamilitar.cl\/academia\/wp-content\/uploads\/2025\/09\/image-13-1024x674.png 1024w, https:\/\/www.academiahistoriamilitar.cl\/academia\/wp-content\/uploads\/2025\/09\/image-13-300x197.png 300w, https:\/\/www.academiahistoriamilitar.cl\/academia\/wp-content\/uploads\/2025\/09\/image-13-768x505.png 768w, https:\/\/www.academiahistoriamilitar.cl\/academia\/wp-content\/uploads\/2025\/09\/image-13-114x75.png 114w, https:\/\/www.academiahistoriamilitar.cl\/academia\/wp-content\/uploads\/2025\/09\/image-13-960x632.png 960w, https:\/\/www.academiahistoriamilitar.cl\/academia\/wp-content\/uploads\/2025\/09\/image-13-729x480.png 729w, https:\/\/www.academiahistoriamilitar.cl\/academia\/wp-content\/uploads\/2025\/09\/image-13-480x316.png 480w, https:\/\/www.academiahistoriamilitar.cl\/academia\/wp-content\/uploads\/2025\/09\/image-13-800x526.png 800w, https:\/\/www.academiahistoriamilitar.cl\/academia\/wp-content\/uploads\/2025\/09\/image-13.png 1231w\" sizes=\"auto, (max-width:767px) 480px, (max-width:1024px) 100vw, 1024px\" \/><\/figure>\n","protected":false},"excerpt":{"rendered":"<p>El pasado viernes 12 de septiembre, la Academia de Historia Militar, en dependencias<span class=\"excerpt-hellip\"> [\u2026]<\/span><\/p>\n","protected":false},"author":1,"featured_media":9934,"comment_status":"open","ping_status":"closed","sticky":false,"template":"","format":"standard","meta":{"footnotes":""},"categories":[10],"tags":[],"class_list":["post-9940","post","type-post","status-publish","format-standard","has-post-thumbnail","hentry","category-noticias"],"_links":{"self":[{"href":"https:\/\/www.academiahistoriamilitar.cl\/academia\/wp-json\/wp\/v2\/posts\/9940","targetHints":{"allow":["GET"]}}],"collection":[{"href":"https:\/\/www.academiahistoriamilitar.cl\/academia\/wp-json\/wp\/v2\/posts"}],"about":[{"href":"https:\/\/www.academiahistoriamilitar.cl\/academia\/wp-json\/wp\/v2\/types\/post"}],"author":[{"embeddable":true,"href":"https:\/\/www.academiahistoriamilitar.cl\/academia\/wp-json\/wp\/v2\/users\/1"}],"replies":[{"embeddable":true,"href":"https:\/\/www.academiahistoriamilitar.cl\/academia\/wp-json\/wp\/v2\/comments?post=9940"}],"version-history":[{"count":1,"href":"https:\/\/www.academiahistoriamilitar.cl\/academia\/wp-json\/wp\/v2\/posts\/9940\/revisions"}],"predecessor-version":[{"id":9946,"href":"https:\/\/www.academiahistoriamilitar.cl\/academia\/wp-json\/wp\/v2\/posts\/9940\/revisions\/9946"}],"wp:featuredmedia":[{"embeddable":true,"href":"https:\/\/www.academiahistoriamilitar.cl\/academia\/wp-json\/wp\/v2\/media\/9934"}],"wp:attachment":[{"href":"https:\/\/www.academiahistoriamilitar.cl\/academia\/wp-json\/wp\/v2\/media?parent=9940"}],"wp:term":[{"taxonomy":"category","embeddable":true,"href":"https:\/\/www.academiahistoriamilitar.cl\/academia\/wp-json\/wp\/v2\/categories?post=9940"},{"taxonomy":"post_tag","embeddable":true,"href":"https:\/\/www.academiahistoriamilitar.cl\/academia\/wp-json\/wp\/v2\/tags?post=9940"}],"curies":[{"name":"wp","href":"https:\/\/api.w.org\/{rel}","templated":true}]}}