{"id":9779,"date":"2025-04-18T22:35:58","date_gmt":"2025-04-18T22:35:58","guid":{"rendered":"https:\/\/www.academiahistoriamilitar.cl\/academia\/?p=9779"},"modified":"2026-03-18T15:22:56","modified_gmt":"2026-03-18T15:22:56","slug":"ser-mas-que-parecer-una-aproximacion-a-la-transformacion-doctrinaria-educacional-e-identitaria-del-ejercito-de-chile-durante-el-periodo-de-reformas-militares-1885-1914","status":"publish","type":"post","link":"https:\/\/www.academiahistoriamilitar.cl\/academia\/ser-mas-que-parecer-una-aproximacion-a-la-transformacion-doctrinaria-educacional-e-identitaria-del-ejercito-de-chile-durante-el-periodo-de-reformas-militares-1885-1914\/","title":{"rendered":"\u201cSer m\u00e1s que parecer\u201d: una aproximaci\u00f3n a la transformaci\u00f3n doctrinaria, educacional e identitaria del Ej\u00e9rcito de Chile durante el periodo de reformas militares. 1885-1914."},"content":{"rendered":"","protected":false},"excerpt":{"rendered":"<p>El periodo de reformas militares bajo el modelo prusiano vivido en Chile a finales del siglo XIX y principios del XX produjo importantes cambios materiales, est\u00e9ticos y organizativos en el Ej\u00e9rcito, pero m\u00e1s all\u00e1 de estos, uno de los efectos m\u00e1s profundos de las reformas aplicadas entre 1885 y 1914, que adem\u00e1s mantendr\u00eda su vigencia hasta nuestros d\u00edas, ser\u00eda la transformaci\u00f3n a nivel cultural de la instituci\u00f3n castrense. Esta se habr\u00eda dado a trav\u00e9s de un proceso de transformaci\u00f3n cultural mediante la pr\u00e1ctica, por medio de las reformas aplicadas en la educaci\u00f3n y doctrina del Ej\u00e9rcito, afectando de esta forma la identidad cultural tanto de oficiales como de clases, sin que esto supusiera una sustituci\u00f3n de la idiosincrasia preexistente.<\/p>\n","protected":false},"author":1,"featured_media":9781,"comment_status":"open","ping_status":"open","sticky":false,"template":"","format":"standard","meta":{"footnotes":""},"categories":[20],"tags":[],"class_list":["post-9779","post","type-post","status-publish","format-standard","has-post-thumbnail","hentry","category-perspectivas-de-historia"],"_links":{"self":[{"href":"https:\/\/www.academiahistoriamilitar.cl\/academia\/wp-json\/wp\/v2\/posts\/9779","targetHints":{"allow":["GET"]}}],"collection":[{"href":"https:\/\/www.academiahistoriamilitar.cl\/academia\/wp-json\/wp\/v2\/posts"}],"about":[{"href":"https:\/\/www.academiahistoriamilitar.cl\/academia\/wp-json\/wp\/v2\/types\/post"}],"author":[{"embeddable":true,"href":"https:\/\/www.academiahistoriamilitar.cl\/academia\/wp-json\/wp\/v2\/users\/1"}],"replies":[{"embeddable":true,"href":"https:\/\/www.academiahistoriamilitar.cl\/academia\/wp-json\/wp\/v2\/comments?post=9779"}],"version-history":[{"count":2,"href":"https:\/\/www.academiahistoriamilitar.cl\/academia\/wp-json\/wp\/v2\/posts\/9779\/revisions"}],"predecessor-version":[{"id":10105,"href":"https:\/\/www.academiahistoriamilitar.cl\/academia\/wp-json\/wp\/v2\/posts\/9779\/revisions\/10105"}],"wp:featuredmedia":[{"embeddable":true,"href":"https:\/\/www.academiahistoriamilitar.cl\/academia\/wp-json\/wp\/v2\/media\/9781"}],"wp:attachment":[{"href":"https:\/\/www.academiahistoriamilitar.cl\/academia\/wp-json\/wp\/v2\/media?parent=9779"}],"wp:term":[{"taxonomy":"category","embeddable":true,"href":"https:\/\/www.academiahistoriamilitar.cl\/academia\/wp-json\/wp\/v2\/categories?post=9779"},{"taxonomy":"post_tag","embeddable":true,"href":"https:\/\/www.academiahistoriamilitar.cl\/academia\/wp-json\/wp\/v2\/tags?post=9779"}],"curies":[{"name":"wp","href":"https:\/\/api.w.org\/{rel}","templated":true}]}}