{"id":9732,"date":"2025-02-13T22:40:18","date_gmt":"2025-02-13T22:40:18","guid":{"rendered":"https:\/\/www.academiahistoriamilitar.cl\/academia\/?p=9732"},"modified":"2025-02-13T23:37:29","modified_gmt":"2025-02-13T23:37:29","slug":"irregularidad-afrenta-publica-y-agravio-a-nuestros-heroes-en-la-resolucion-del-consejo-de-monumentos-nacionales-tras-resolver-el-traslado-del-monumento-publico-del-general-manuel-baquedano-gonzalez","status":"publish","type":"post","link":"https:\/\/www.academiahistoriamilitar.cl\/academia\/irregularidad-afrenta-publica-y-agravio-a-nuestros-heroes-en-la-resolucion-del-consejo-de-monumentos-nacionales-tras-resolver-el-traslado-del-monumento-publico-del-general-manuel-baquedano-gonzalez\/","title":{"rendered":"Irregularidad, afrenta p\u00fablica y agravio a nuestros h\u00e9roes, en la resoluci\u00f3n del consejo de monumentos nacionales, tras resolver el traslado del monumento p\u00fablico del general Manuel Baquedano Gonz\u00e1lez del destacado escultor nacional Virginio Arias, y de la Tumba del Soldado Desconocido."},"content":{"rendered":"","protected":false},"excerpt":{"rendered":"<p>Es una afrenta publica, una ofensa grave que afecta nuestro honor y dignidad como ciudadano del Chile de hoy, contra la figura de nuestros h\u00e9roes m\u00e1ximos, en el sitio creado para rendir nuestro mayor homenaje al Soldado y al General, que nos legaron una Patria libre y soberana, y una gran obra de uno de los escultores representantes del \u201cbello estilo nacional\u201d, de los mayores exponentes de nuestra escultura nacional, y autor de dicho monumento, don Virginio Arias, en la Plaza General Baquedano, de la Comuna de Providencia. <\/p>\n","protected":false},"author":1,"featured_media":9737,"comment_status":"open","ping_status":"open","sticky":false,"template":"","format":"standard","meta":{"footnotes":""},"categories":[17],"tags":[],"class_list":["post-9732","post","type-post","status-publish","format-standard","has-post-thumbnail","hentry","category-columnas-de-opinion"],"_links":{"self":[{"href":"https:\/\/www.academiahistoriamilitar.cl\/academia\/wp-json\/wp\/v2\/posts\/9732","targetHints":{"allow":["GET"]}}],"collection":[{"href":"https:\/\/www.academiahistoriamilitar.cl\/academia\/wp-json\/wp\/v2\/posts"}],"about":[{"href":"https:\/\/www.academiahistoriamilitar.cl\/academia\/wp-json\/wp\/v2\/types\/post"}],"author":[{"embeddable":true,"href":"https:\/\/www.academiahistoriamilitar.cl\/academia\/wp-json\/wp\/v2\/users\/1"}],"replies":[{"embeddable":true,"href":"https:\/\/www.academiahistoriamilitar.cl\/academia\/wp-json\/wp\/v2\/comments?post=9732"}],"version-history":[{"count":1,"href":"https:\/\/www.academiahistoriamilitar.cl\/academia\/wp-json\/wp\/v2\/posts\/9732\/revisions"}],"predecessor-version":[{"id":9733,"href":"https:\/\/www.academiahistoriamilitar.cl\/academia\/wp-json\/wp\/v2\/posts\/9732\/revisions\/9733"}],"wp:featuredmedia":[{"embeddable":true,"href":"https:\/\/www.academiahistoriamilitar.cl\/academia\/wp-json\/wp\/v2\/media\/9737"}],"wp:attachment":[{"href":"https:\/\/www.academiahistoriamilitar.cl\/academia\/wp-json\/wp\/v2\/media?parent=9732"}],"wp:term":[{"taxonomy":"category","embeddable":true,"href":"https:\/\/www.academiahistoriamilitar.cl\/academia\/wp-json\/wp\/v2\/categories?post=9732"},{"taxonomy":"post_tag","embeddable":true,"href":"https:\/\/www.academiahistoriamilitar.cl\/academia\/wp-json\/wp\/v2\/tags?post=9732"}],"curies":[{"name":"wp","href":"https:\/\/api.w.org\/{rel}","templated":true}]}}