{"id":9716,"date":"2025-01-14T18:57:45","date_gmt":"2025-01-14T18:57:45","guid":{"rendered":"https:\/\/www.academiahistoriamilitar.cl\/academia\/?p=9716"},"modified":"2025-01-14T18:59:20","modified_gmt":"2025-01-14T18:59:20","slug":"la-tregua-de-navidad-de-1914-cuando-noche-de-paz-se-hizo-historia","status":"publish","type":"post","link":"https:\/\/www.academiahistoriamilitar.cl\/academia\/la-tregua-de-navidad-de-1914-cuando-noche-de-paz-se-hizo-historia\/","title":{"rendered":"La Tregua de Navidad de 1914. Cuando \u201cNoche de Paz\u201d se hizo historia"},"content":{"rendered":"","protected":false},"excerpt":{"rendered":"<p>Los invitamos a leer nuestra nueva Perspectiva militar dedicada a la Tregua de Navidad de 1914, ocurrida en el marco de la Primera Guerra Mundial, la cual motiv\u00f3 a soldados adversarios a dejar las armas moment\u00e1neamente en v\u00edsperas de Noche Buena.<\/p>\n","protected":false},"author":1,"featured_media":9714,"comment_status":"open","ping_status":"open","sticky":false,"template":"","format":"standard","meta":{"footnotes":""},"categories":[20],"tags":[],"class_list":["post-9716","post","type-post","status-publish","format-standard","has-post-thumbnail","hentry","category-perspectivas-de-historia"],"_links":{"self":[{"href":"https:\/\/www.academiahistoriamilitar.cl\/academia\/wp-json\/wp\/v2\/posts\/9716","targetHints":{"allow":["GET"]}}],"collection":[{"href":"https:\/\/www.academiahistoriamilitar.cl\/academia\/wp-json\/wp\/v2\/posts"}],"about":[{"href":"https:\/\/www.academiahistoriamilitar.cl\/academia\/wp-json\/wp\/v2\/types\/post"}],"author":[{"embeddable":true,"href":"https:\/\/www.academiahistoriamilitar.cl\/academia\/wp-json\/wp\/v2\/users\/1"}],"replies":[{"embeddable":true,"href":"https:\/\/www.academiahistoriamilitar.cl\/academia\/wp-json\/wp\/v2\/comments?post=9716"}],"version-history":[{"count":1,"href":"https:\/\/www.academiahistoriamilitar.cl\/academia\/wp-json\/wp\/v2\/posts\/9716\/revisions"}],"predecessor-version":[{"id":9717,"href":"https:\/\/www.academiahistoriamilitar.cl\/academia\/wp-json\/wp\/v2\/posts\/9716\/revisions\/9717"}],"wp:featuredmedia":[{"embeddable":true,"href":"https:\/\/www.academiahistoriamilitar.cl\/academia\/wp-json\/wp\/v2\/media\/9714"}],"wp:attachment":[{"href":"https:\/\/www.academiahistoriamilitar.cl\/academia\/wp-json\/wp\/v2\/media?parent=9716"}],"wp:term":[{"taxonomy":"category","embeddable":true,"href":"https:\/\/www.academiahistoriamilitar.cl\/academia\/wp-json\/wp\/v2\/categories?post=9716"},{"taxonomy":"post_tag","embeddable":true,"href":"https:\/\/www.academiahistoriamilitar.cl\/academia\/wp-json\/wp\/v2\/tags?post=9716"}],"curies":[{"name":"wp","href":"https:\/\/api.w.org\/{rel}","templated":true}]}}