{"id":9707,"date":"2024-12-27T22:13:26","date_gmt":"2024-12-27T22:13:26","guid":{"rendered":"https:\/\/www.academiahistoriamilitar.cl\/academia\/?p=9707"},"modified":"2024-12-27T22:16:30","modified_gmt":"2024-12-27T22:16:30","slug":"ceremonia-de-premiacion-2024-de-la-escuela-de-suboficiales-9707","status":"publish","type":"post","link":"https:\/\/www.academiahistoriamilitar.cl\/academia\/ceremonia-de-premiacion-2024-de-la-escuela-de-suboficiales-9707\/","title":{"rendered":"Ceremonia de premiaci\u00f3n 2024 de la Escuela de Suboficiales."},"content":{"rendered":"","protected":false},"excerpt":{"rendered":"<p>El pasado 12 de diciembre tuvo lugar la ceremonia de premiaci\u00f3n interna 2024 de la Escuela de Suboficiales. En la ocasi\u00f3n, el cabo dragoneante Carlos Santib\u00e1\u00f1ez Santib\u00e1\u00f1ez recibi\u00f3 el premio donado por la Academia de Historia Militar por haber obtenido las m\u00e1s altas calificaciones en la asignatura de Historia Militar de Chile. En representaci\u00f3n de la Academia de Historia Militar, el premio fue entregado por el Suboficial Mayor (R) Juan Cheuque Z\u00fa\u00f1iga, profesor de Historia de este instituto militar.<\/p>\n","protected":false},"author":1,"featured_media":9706,"comment_status":"open","ping_status":"open","sticky":false,"template":"","format":"standard","meta":{"footnotes":""},"categories":[10],"tags":[],"class_list":["post-9707","post","type-post","status-publish","format-standard","has-post-thumbnail","hentry","category-noticias"],"_links":{"self":[{"href":"https:\/\/www.academiahistoriamilitar.cl\/academia\/wp-json\/wp\/v2\/posts\/9707","targetHints":{"allow":["GET"]}}],"collection":[{"href":"https:\/\/www.academiahistoriamilitar.cl\/academia\/wp-json\/wp\/v2\/posts"}],"about":[{"href":"https:\/\/www.academiahistoriamilitar.cl\/academia\/wp-json\/wp\/v2\/types\/post"}],"author":[{"embeddable":true,"href":"https:\/\/www.academiahistoriamilitar.cl\/academia\/wp-json\/wp\/v2\/users\/1"}],"replies":[{"embeddable":true,"href":"https:\/\/www.academiahistoriamilitar.cl\/academia\/wp-json\/wp\/v2\/comments?post=9707"}],"version-history":[{"count":1,"href":"https:\/\/www.academiahistoriamilitar.cl\/academia\/wp-json\/wp\/v2\/posts\/9707\/revisions"}],"predecessor-version":[{"id":9708,"href":"https:\/\/www.academiahistoriamilitar.cl\/academia\/wp-json\/wp\/v2\/posts\/9707\/revisions\/9708"}],"wp:featuredmedia":[{"embeddable":true,"href":"https:\/\/www.academiahistoriamilitar.cl\/academia\/wp-json\/wp\/v2\/media\/9706"}],"wp:attachment":[{"href":"https:\/\/www.academiahistoriamilitar.cl\/academia\/wp-json\/wp\/v2\/media?parent=9707"}],"wp:term":[{"taxonomy":"category","embeddable":true,"href":"https:\/\/www.academiahistoriamilitar.cl\/academia\/wp-json\/wp\/v2\/categories?post=9707"},{"taxonomy":"post_tag","embeddable":true,"href":"https:\/\/www.academiahistoriamilitar.cl\/academia\/wp-json\/wp\/v2\/tags?post=9707"}],"curies":[{"name":"wp","href":"https:\/\/api.w.org\/{rel}","templated":true}]}}