{"id":9674,"date":"2024-11-28T20:35:36","date_gmt":"2024-11-28T20:35:36","guid":{"rendered":"https:\/\/www.academiahistoriamilitar.cl\/academia\/?p=9674"},"modified":"2024-12-02T15:55:53","modified_gmt":"2024-12-02T15:55:53","slug":"patagonia-1978-vivencias-ineditas-a-40-anos-de-la-crisis-del-beagle-9674","status":"publish","type":"post","link":"https:\/\/www.academiahistoriamilitar.cl\/academia\/patagonia-1978-vivencias-ineditas-a-40-anos-de-la-crisis-del-beagle-9674\/","title":{"rendered":"Patagonia: 1978 Vivencias in\u00e9ditas a 40 a\u00f1os de la crisis del Beagle"},"content":{"rendered":"","protected":false},"excerpt":{"rendered":"<p>Lea nuestra m\u00e1s reciente Perspectiva que, a partir de testimonios, nos narra las vivencias de los soldados durante la Crisis del Canal de Beagle en 1978.<\/p>\n","protected":false},"author":1,"featured_media":9673,"comment_status":"open","ping_status":"open","sticky":false,"template":"","format":"standard","meta":{"footnotes":""},"categories":[20],"tags":[],"class_list":["post-9674","post","type-post","status-publish","format-standard","has-post-thumbnail","hentry","category-perspectivas-de-historia"],"_links":{"self":[{"href":"https:\/\/www.academiahistoriamilitar.cl\/academia\/wp-json\/wp\/v2\/posts\/9674","targetHints":{"allow":["GET"]}}],"collection":[{"href":"https:\/\/www.academiahistoriamilitar.cl\/academia\/wp-json\/wp\/v2\/posts"}],"about":[{"href":"https:\/\/www.academiahistoriamilitar.cl\/academia\/wp-json\/wp\/v2\/types\/post"}],"author":[{"embeddable":true,"href":"https:\/\/www.academiahistoriamilitar.cl\/academia\/wp-json\/wp\/v2\/users\/1"}],"replies":[{"embeddable":true,"href":"https:\/\/www.academiahistoriamilitar.cl\/academia\/wp-json\/wp\/v2\/comments?post=9674"}],"version-history":[{"count":1,"href":"https:\/\/www.academiahistoriamilitar.cl\/academia\/wp-json\/wp\/v2\/posts\/9674\/revisions"}],"predecessor-version":[{"id":9675,"href":"https:\/\/www.academiahistoriamilitar.cl\/academia\/wp-json\/wp\/v2\/posts\/9674\/revisions\/9675"}],"wp:featuredmedia":[{"embeddable":true,"href":"https:\/\/www.academiahistoriamilitar.cl\/academia\/wp-json\/wp\/v2\/media\/9673"}],"wp:attachment":[{"href":"https:\/\/www.academiahistoriamilitar.cl\/academia\/wp-json\/wp\/v2\/media?parent=9674"}],"wp:term":[{"taxonomy":"category","embeddable":true,"href":"https:\/\/www.academiahistoriamilitar.cl\/academia\/wp-json\/wp\/v2\/categories?post=9674"},{"taxonomy":"post_tag","embeddable":true,"href":"https:\/\/www.academiahistoriamilitar.cl\/academia\/wp-json\/wp\/v2\/tags?post=9674"}],"curies":[{"name":"wp","href":"https:\/\/api.w.org\/{rel}","templated":true}]}}