{"id":9398,"date":"2024-06-03T17:12:30","date_gmt":"2024-06-03T17:12:30","guid":{"rendered":"https:\/\/www.academiahistoriamilitar.cl\/academia\/?p=9398"},"modified":"2024-06-03T17:12:31","modified_gmt":"2024-06-03T17:12:31","slug":"area-de-los-servicios-en-la-campana-en-piedra-azul-del-regimiento-sangra-en-1948","status":"publish","type":"post","link":"https:\/\/www.academiahistoriamilitar.cl\/academia\/area-de-los-servicios-en-la-campana-en-piedra-azul-del-regimiento-sangra-en-1948\/","title":{"rendered":"\u00c1rea de los Servicios en la Campa\u00f1a en Piedra Azul del Regimiento Sangra en 1948"},"content":{"rendered":"","protected":false},"excerpt":{"rendered":"<p>\u00c1rea de los Servicios en la Campa\u00f1a en Piedra Azul del Regimiento Sangra en 1948<\/p>\n","protected":false},"author":1,"featured_media":9297,"comment_status":"open","ping_status":"open","sticky":false,"template":"","format":"standard","meta":{"footnotes":""},"categories":[44],"tags":[],"class_list":["post-9398","post","type-post","status-publish","format-standard","has-post-thumbnail","hentry","category-imagenes-con-historia"],"_links":{"self":[{"href":"https:\/\/www.academiahistoriamilitar.cl\/academia\/wp-json\/wp\/v2\/posts\/9398","targetHints":{"allow":["GET"]}}],"collection":[{"href":"https:\/\/www.academiahistoriamilitar.cl\/academia\/wp-json\/wp\/v2\/posts"}],"about":[{"href":"https:\/\/www.academiahistoriamilitar.cl\/academia\/wp-json\/wp\/v2\/types\/post"}],"author":[{"embeddable":true,"href":"https:\/\/www.academiahistoriamilitar.cl\/academia\/wp-json\/wp\/v2\/users\/1"}],"replies":[{"embeddable":true,"href":"https:\/\/www.academiahistoriamilitar.cl\/academia\/wp-json\/wp\/v2\/comments?post=9398"}],"version-history":[{"count":1,"href":"https:\/\/www.academiahistoriamilitar.cl\/academia\/wp-json\/wp\/v2\/posts\/9398\/revisions"}],"predecessor-version":[{"id":9399,"href":"https:\/\/www.academiahistoriamilitar.cl\/academia\/wp-json\/wp\/v2\/posts\/9398\/revisions\/9399"}],"wp:featuredmedia":[{"embeddable":true,"href":"https:\/\/www.academiahistoriamilitar.cl\/academia\/wp-json\/wp\/v2\/media\/9297"}],"wp:attachment":[{"href":"https:\/\/www.academiahistoriamilitar.cl\/academia\/wp-json\/wp\/v2\/media?parent=9398"}],"wp:term":[{"taxonomy":"category","embeddable":true,"href":"https:\/\/www.academiahistoriamilitar.cl\/academia\/wp-json\/wp\/v2\/categories?post=9398"},{"taxonomy":"post_tag","embeddable":true,"href":"https:\/\/www.academiahistoriamilitar.cl\/academia\/wp-json\/wp\/v2\/tags?post=9398"}],"curies":[{"name":"wp","href":"https:\/\/api.w.org\/{rel}","templated":true}]}}