{"id":9031,"date":"2024-03-21T17:25:53","date_gmt":"2024-03-21T17:25:53","guid":{"rendered":"https:\/\/www.academiahistoriamilitar.cl\/academia\/?p=9031"},"modified":"2024-03-21T17:25:54","modified_gmt":"2024-03-21T17:25:54","slug":"la-accion-de-los-ingenieros-militares-de-la-corona-espanola-en-america-el-caso-del-sistema-de-fortificaciones-de-valdivia-en-el-reino-de-chile-en-un-contexto-global","status":"publish","type":"post","link":"https:\/\/www.academiahistoriamilitar.cl\/academia\/la-accion-de-los-ingenieros-militares-de-la-corona-espanola-en-america-el-caso-del-sistema-de-fortificaciones-de-valdivia-en-el-reino-de-chile-en-un-contexto-global\/","title":{"rendered":"La Acci\u00f3n de los Ingenieros Militares de la Corona Espa\u00f1ola en Am\u00e9rica. El Caso del Sistema de Fortificaciones de Valdivia en el Reino de Chile en un Contexto Global"},"content":{"rendered":"","protected":false},"excerpt":{"rendered":"<p>Los invitamos a leer esta nueva publicaci\u00f3n, que aborda el rol que cumplieron los ingenieros militares para la corona espa\u00f1ola en Am\u00e9rica, particularmente en el sistema de fortificaciones en Valdivia en el entonces Reino de Chile.<\/p>\n","protected":false},"author":1,"featured_media":9027,"comment_status":"open","ping_status":"open","sticky":false,"template":"","format":"standard","meta":{"footnotes":""},"categories":[20],"tags":[],"class_list":["post-9031","post","type-post","status-publish","format-standard","has-post-thumbnail","hentry","category-perspectivas-de-historia"],"_links":{"self":[{"href":"https:\/\/www.academiahistoriamilitar.cl\/academia\/wp-json\/wp\/v2\/posts\/9031","targetHints":{"allow":["GET"]}}],"collection":[{"href":"https:\/\/www.academiahistoriamilitar.cl\/academia\/wp-json\/wp\/v2\/posts"}],"about":[{"href":"https:\/\/www.academiahistoriamilitar.cl\/academia\/wp-json\/wp\/v2\/types\/post"}],"author":[{"embeddable":true,"href":"https:\/\/www.academiahistoriamilitar.cl\/academia\/wp-json\/wp\/v2\/users\/1"}],"replies":[{"embeddable":true,"href":"https:\/\/www.academiahistoriamilitar.cl\/academia\/wp-json\/wp\/v2\/comments?post=9031"}],"version-history":[{"count":1,"href":"https:\/\/www.academiahistoriamilitar.cl\/academia\/wp-json\/wp\/v2\/posts\/9031\/revisions"}],"predecessor-version":[{"id":9032,"href":"https:\/\/www.academiahistoriamilitar.cl\/academia\/wp-json\/wp\/v2\/posts\/9031\/revisions\/9032"}],"wp:featuredmedia":[{"embeddable":true,"href":"https:\/\/www.academiahistoriamilitar.cl\/academia\/wp-json\/wp\/v2\/media\/9027"}],"wp:attachment":[{"href":"https:\/\/www.academiahistoriamilitar.cl\/academia\/wp-json\/wp\/v2\/media?parent=9031"}],"wp:term":[{"taxonomy":"category","embeddable":true,"href":"https:\/\/www.academiahistoriamilitar.cl\/academia\/wp-json\/wp\/v2\/categories?post=9031"},{"taxonomy":"post_tag","embeddable":true,"href":"https:\/\/www.academiahistoriamilitar.cl\/academia\/wp-json\/wp\/v2\/tags?post=9031"}],"curies":[{"name":"wp","href":"https:\/\/api.w.org\/{rel}","templated":true}]}}