{"id":9013,"date":"2024-02-26T19:41:25","date_gmt":"2024-02-26T19:41:25","guid":{"rendered":"https:\/\/www.academiahistoriamilitar.cl\/academia\/?p=9013"},"modified":"2024-02-26T19:41:28","modified_gmt":"2024-02-26T19:41:28","slug":"es-la-historia-militar-un-tema-acabado-para-la-historiografia","status":"publish","type":"post","link":"https:\/\/www.academiahistoriamilitar.cl\/academia\/es-la-historia-militar-un-tema-acabado-para-la-historiografia\/","title":{"rendered":"\u00bfEs la historia militar un tema acabado para la historiograf\u00eda?"},"content":{"rendered":"","protected":false},"excerpt":{"rendered":"<p>Hace un tiempo, un connotado historiador nacional, al presentar un libro sobre la Independencia caus\u00f3 gran conmoci\u00f3n al sentenciar que con este libro recientemente presentado, sobre la Independencia estaba todo dicho. \u00bfEs realmente as\u00ed? \u00bfEs la Historia Militar un tema acabado para la historiograf\u00eda?<br \/>\n Humildemente creemos que no, pues, sobre el mismo caso de la Independencia no sabemos mucho sobre el ej\u00e9rcito realista; su organizaci\u00f3n, log\u00edstica, abastecimiento o algunos comandantes destacados; por lo tanto ya con solo esa problem\u00e1tica se nos abre una arista de investigaci\u00f3n que no ha sido debidamente cubierta por la historiograf\u00eda: la historia de la otredad, viendo al otro no como \u201cel malo\u201d o el villano sino como una problem\u00e1tica en s\u00ed misma.<br \/>\nEn este aspecto, nos encontramos que en la nutrida historia de conflictos tanto internacionales como civiles dentro del siglo XIX chileno, hay un actor ausente que pasa inadvertido en medio de la construcci\u00f3n de modelos heroicos virtuosos que deben inspirar a las nuevas generaciones de soldados. <\/p>\n","protected":false},"author":1,"featured_media":9014,"comment_status":"open","ping_status":"open","sticky":false,"template":"","format":"standard","meta":{"footnotes":""},"categories":[17],"tags":[],"class_list":["post-9013","post","type-post","status-publish","format-standard","has-post-thumbnail","hentry","category-columnas-de-opinion"],"_links":{"self":[{"href":"https:\/\/www.academiahistoriamilitar.cl\/academia\/wp-json\/wp\/v2\/posts\/9013","targetHints":{"allow":["GET"]}}],"collection":[{"href":"https:\/\/www.academiahistoriamilitar.cl\/academia\/wp-json\/wp\/v2\/posts"}],"about":[{"href":"https:\/\/www.academiahistoriamilitar.cl\/academia\/wp-json\/wp\/v2\/types\/post"}],"author":[{"embeddable":true,"href":"https:\/\/www.academiahistoriamilitar.cl\/academia\/wp-json\/wp\/v2\/users\/1"}],"replies":[{"embeddable":true,"href":"https:\/\/www.academiahistoriamilitar.cl\/academia\/wp-json\/wp\/v2\/comments?post=9013"}],"version-history":[{"count":1,"href":"https:\/\/www.academiahistoriamilitar.cl\/academia\/wp-json\/wp\/v2\/posts\/9013\/revisions"}],"predecessor-version":[{"id":9015,"href":"https:\/\/www.academiahistoriamilitar.cl\/academia\/wp-json\/wp\/v2\/posts\/9013\/revisions\/9015"}],"wp:featuredmedia":[{"embeddable":true,"href":"https:\/\/www.academiahistoriamilitar.cl\/academia\/wp-json\/wp\/v2\/media\/9014"}],"wp:attachment":[{"href":"https:\/\/www.academiahistoriamilitar.cl\/academia\/wp-json\/wp\/v2\/media?parent=9013"}],"wp:term":[{"taxonomy":"category","embeddable":true,"href":"https:\/\/www.academiahistoriamilitar.cl\/academia\/wp-json\/wp\/v2\/categories?post=9013"},{"taxonomy":"post_tag","embeddable":true,"href":"https:\/\/www.academiahistoriamilitar.cl\/academia\/wp-json\/wp\/v2\/tags?post=9013"}],"curies":[{"name":"wp","href":"https:\/\/api.w.org\/{rel}","templated":true}]}}