{"id":8957,"date":"2023-12-18T14:25:57","date_gmt":"2023-12-18T14:25:57","guid":{"rendered":"https:\/\/www.academiahistoriamilitar.cl\/academia\/?p=8957"},"modified":"2023-12-18T14:26:57","modified_gmt":"2023-12-18T14:26:57","slug":"conversatorio","status":"publish","type":"post","link":"https:\/\/www.academiahistoriamilitar.cl\/academia\/conversatorio\/","title":{"rendered":"CONVERSATORIO"},"content":{"rendered":"","protected":false},"excerpt":{"rendered":"<p>El pasado d\u00eda mi\u00e9rcoles 6 de diciembre tuvo lugar, en las oficinas de la Academia de Historia Militar, un conversatorio de presentaci\u00f3n de trabajos de incorporaci\u00f3n de nuevos miembros de esta corporaci\u00f3n. El se\u00f1or El\u00edas Navarrete Sobarzo expuso su trabajo \u201cCar\u00e1cter militar de la polic\u00eda chilena durante el siglo XIX\u201d; a su vez, el se\u00f1or H\u00e9ctor Bustamante Bravo hizo lo mismo con \u201cEl Ej\u00e9rcito de Chile como herramienta de control social\u201d; finalmente, el se\u00f1or Roberto Urrutia Bravo expuso \u201cLa acci\u00f3n de los  ingenieros militares de la Corona espa\u00f1ola en Am\u00e9rica. El caso del sistema de fortificaciones de Valdivia en el Reino de Chile en un contexto global\u201d.<\/p>\n","protected":false},"author":1,"featured_media":8959,"comment_status":"open","ping_status":"open","sticky":false,"template":"","format":"standard","meta":{"footnotes":""},"categories":[10],"tags":[],"class_list":["post-8957","post","type-post","status-publish","format-standard","has-post-thumbnail","hentry","category-noticias"],"_links":{"self":[{"href":"https:\/\/www.academiahistoriamilitar.cl\/academia\/wp-json\/wp\/v2\/posts\/8957","targetHints":{"allow":["GET"]}}],"collection":[{"href":"https:\/\/www.academiahistoriamilitar.cl\/academia\/wp-json\/wp\/v2\/posts"}],"about":[{"href":"https:\/\/www.academiahistoriamilitar.cl\/academia\/wp-json\/wp\/v2\/types\/post"}],"author":[{"embeddable":true,"href":"https:\/\/www.academiahistoriamilitar.cl\/academia\/wp-json\/wp\/v2\/users\/1"}],"replies":[{"embeddable":true,"href":"https:\/\/www.academiahistoriamilitar.cl\/academia\/wp-json\/wp\/v2\/comments?post=8957"}],"version-history":[{"count":1,"href":"https:\/\/www.academiahistoriamilitar.cl\/academia\/wp-json\/wp\/v2\/posts\/8957\/revisions"}],"predecessor-version":[{"id":8961,"href":"https:\/\/www.academiahistoriamilitar.cl\/academia\/wp-json\/wp\/v2\/posts\/8957\/revisions\/8961"}],"wp:featuredmedia":[{"embeddable":true,"href":"https:\/\/www.academiahistoriamilitar.cl\/academia\/wp-json\/wp\/v2\/media\/8959"}],"wp:attachment":[{"href":"https:\/\/www.academiahistoriamilitar.cl\/academia\/wp-json\/wp\/v2\/media?parent=8957"}],"wp:term":[{"taxonomy":"category","embeddable":true,"href":"https:\/\/www.academiahistoriamilitar.cl\/academia\/wp-json\/wp\/v2\/categories?post=8957"},{"taxonomy":"post_tag","embeddable":true,"href":"https:\/\/www.academiahistoriamilitar.cl\/academia\/wp-json\/wp\/v2\/tags?post=8957"}],"curies":[{"name":"wp","href":"https:\/\/api.w.org\/{rel}","templated":true}]}}