{"id":8946,"date":"2023-11-30T21:02:02","date_gmt":"2023-11-30T21:02:02","guid":{"rendered":"https:\/\/www.academiahistoriamilitar.cl\/academia\/?p=8946"},"modified":"2024-01-10T21:41:00","modified_gmt":"2024-01-10T21:41:00","slug":"cuando-la-necesidad-carece-de-ley-dinamicas-de-intercambio-material-entre-soldados-fronterizos-y-el-pueblo-mapuche-de-la-araucania-1700-1770","status":"publish","type":"post","link":"https:\/\/www.academiahistoriamilitar.cl\/academia\/cuando-la-necesidad-carece-de-ley-dinamicas-de-intercambio-material-entre-soldados-fronterizos-y-el-pueblo-mapuche-de-la-araucania-1700-1770\/","title":{"rendered":"Cuando la necesidad carece de ley. Din\u00e1micas de intercambio material entre soldados fronterizos y el pueblo mapuche de la Araucan\u00eda. 1700-1770."},"content":{"rendered":"","protected":false},"excerpt":{"rendered":"<p>Los invitamos a leer nuestra reciente publicaci\u00f3n, la cual aborda la problem\u00e1tica del soldado que viv\u00eda en los fuertes edificados a lo largo del r\u00edo Biob\u00edo, durante los siglos XVII y XVIII, y de c\u00f3mo eran sus relaciones con el mundo ind\u00edgena de la regi\u00f3n.<\/p>\n","protected":false},"author":1,"featured_media":8949,"comment_status":"open","ping_status":"open","sticky":false,"template":"","format":"standard","meta":{"footnotes":""},"categories":[20],"tags":[],"class_list":["post-8946","post","type-post","status-publish","format-standard","has-post-thumbnail","hentry","category-perspectivas-de-historia"],"_links":{"self":[{"href":"https:\/\/www.academiahistoriamilitar.cl\/academia\/wp-json\/wp\/v2\/posts\/8946","targetHints":{"allow":["GET"]}}],"collection":[{"href":"https:\/\/www.academiahistoriamilitar.cl\/academia\/wp-json\/wp\/v2\/posts"}],"about":[{"href":"https:\/\/www.academiahistoriamilitar.cl\/academia\/wp-json\/wp\/v2\/types\/post"}],"author":[{"embeddable":true,"href":"https:\/\/www.academiahistoriamilitar.cl\/academia\/wp-json\/wp\/v2\/users\/1"}],"replies":[{"embeddable":true,"href":"https:\/\/www.academiahistoriamilitar.cl\/academia\/wp-json\/wp\/v2\/comments?post=8946"}],"version-history":[{"count":2,"href":"https:\/\/www.academiahistoriamilitar.cl\/academia\/wp-json\/wp\/v2\/posts\/8946\/revisions"}],"predecessor-version":[{"id":8952,"href":"https:\/\/www.academiahistoriamilitar.cl\/academia\/wp-json\/wp\/v2\/posts\/8946\/revisions\/8952"}],"wp:featuredmedia":[{"embeddable":true,"href":"https:\/\/www.academiahistoriamilitar.cl\/academia\/wp-json\/wp\/v2\/media\/8949"}],"wp:attachment":[{"href":"https:\/\/www.academiahistoriamilitar.cl\/academia\/wp-json\/wp\/v2\/media?parent=8946"}],"wp:term":[{"taxonomy":"category","embeddable":true,"href":"https:\/\/www.academiahistoriamilitar.cl\/academia\/wp-json\/wp\/v2\/categories?post=8946"},{"taxonomy":"post_tag","embeddable":true,"href":"https:\/\/www.academiahistoriamilitar.cl\/academia\/wp-json\/wp\/v2\/tags?post=8946"}],"curies":[{"name":"wp","href":"https:\/\/api.w.org\/{rel}","templated":true}]}}