{"id":8891,"date":"2023-10-20T14:57:13","date_gmt":"2023-10-20T14:57:13","guid":{"rendered":"https:\/\/www.academiahistoriamilitar.cl\/academia\/?p=8891"},"modified":"2023-10-20T15:27:12","modified_gmt":"2023-10-20T15:27:12","slug":"entre-el-valor-el-heroismo-y-el-mito","status":"publish","type":"post","link":"https:\/\/www.academiahistoriamilitar.cl\/academia\/entre-el-valor-el-heroismo-y-el-mito\/","title":{"rendered":"Entre el valor, el hero\u00edsmo y el mito"},"content":{"rendered":"","protected":false},"excerpt":{"rendered":"<p>\u00bfQu\u00e9 recordamos? Es la pregunta con la cual el ser humano va construyendo un camino, una identidad y a la vez una memoria. Sin m\u00e1s, la ra\u00edz de la palabra \u201crecuerdo\u201d; del lat\u00edn cor cordis hace alusi\u00f3n al aprendizaje del coraz\u00f3n; dicho en otras palabras, el recuerdo no se despega del afecto o de la emoci\u00f3n. <\/p>\n<\/p>\n<p>Con este planteamiento, el recuerdo de un determinado personaje, provoca en quien lo evoca una inspiraci\u00f3n y un modelo de virtud al cual adscribirse, as\u00ed entonces el h\u00e9roe trasciende las generaciones y las \u00e9pocas; convirtiendo su paso a la eternidad en un referente digno de memoria; lo que vuelve al hombre grande y a su acci\u00f3n, heroica.<br \/>\nAl hacer una revisi\u00f3n de nuestros h\u00e9roes, encontramos tambi\u00e9n una recepci\u00f3n cl\u00e1sica, un viaje y un destino, que lleva a un hombre com\u00fan a realizar un acto extraordinario, que finalmente es consecuencia de una vida apegada a la virtud, donde en su fuero \u00edntimo ese hombre mira tambi\u00e9n como referente a otro gran ser humano que en tiempos legendarios llenaron los libros de historia o fueron la inspiraci\u00f3n de los cantos de los rapsodas.<\/p>\n","protected":false},"author":1,"featured_media":8892,"comment_status":"open","ping_status":"open","sticky":false,"template":"","format":"standard","meta":{"footnotes":""},"categories":[17],"tags":[],"class_list":["post-8891","post","type-post","status-publish","format-standard","has-post-thumbnail","hentry","category-columnas-de-opinion"],"_links":{"self":[{"href":"https:\/\/www.academiahistoriamilitar.cl\/academia\/wp-json\/wp\/v2\/posts\/8891","targetHints":{"allow":["GET"]}}],"collection":[{"href":"https:\/\/www.academiahistoriamilitar.cl\/academia\/wp-json\/wp\/v2\/posts"}],"about":[{"href":"https:\/\/www.academiahistoriamilitar.cl\/academia\/wp-json\/wp\/v2\/types\/post"}],"author":[{"embeddable":true,"href":"https:\/\/www.academiahistoriamilitar.cl\/academia\/wp-json\/wp\/v2\/users\/1"}],"replies":[{"embeddable":true,"href":"https:\/\/www.academiahistoriamilitar.cl\/academia\/wp-json\/wp\/v2\/comments?post=8891"}],"version-history":[{"count":2,"href":"https:\/\/www.academiahistoriamilitar.cl\/academia\/wp-json\/wp\/v2\/posts\/8891\/revisions"}],"predecessor-version":[{"id":8895,"href":"https:\/\/www.academiahistoriamilitar.cl\/academia\/wp-json\/wp\/v2\/posts\/8891\/revisions\/8895"}],"wp:featuredmedia":[{"embeddable":true,"href":"https:\/\/www.academiahistoriamilitar.cl\/academia\/wp-json\/wp\/v2\/media\/8892"}],"wp:attachment":[{"href":"https:\/\/www.academiahistoriamilitar.cl\/academia\/wp-json\/wp\/v2\/media?parent=8891"}],"wp:term":[{"taxonomy":"category","embeddable":true,"href":"https:\/\/www.academiahistoriamilitar.cl\/academia\/wp-json\/wp\/v2\/categories?post=8891"},{"taxonomy":"post_tag","embeddable":true,"href":"https:\/\/www.academiahistoriamilitar.cl\/academia\/wp-json\/wp\/v2\/tags?post=8891"}],"curies":[{"name":"wp","href":"https:\/\/api.w.org\/{rel}","templated":true}]}}