{"id":8819,"date":"2023-08-18T20:26:42","date_gmt":"2023-08-18T20:26:42","guid":{"rendered":"https:\/\/www.academiahistoriamilitar.cl\/academia\/?p=8819"},"modified":"2023-08-18T20:26:43","modified_gmt":"2023-08-18T20:26:43","slug":"200-anos-de-la-llegada-de-bernardo-ohiggins-al-peru","status":"publish","type":"post","link":"https:\/\/www.academiahistoriamilitar.cl\/academia\/200-anos-de-la-llegada-de-bernardo-ohiggins-al-peru\/","title":{"rendered":"200 a\u00f1os de la llegada de Bernardo O&#8217;Higgins al Per\u00fa"},"content":{"rendered":"","protected":false},"excerpt":{"rendered":"<p>Conferencia en el Centro de Estudios Hist\u00f3ricos en Lima: Dr. Jos\u00e9 Palominos, Univ. de San Marcos; Embajador de Chile, Oscar Fuentes; Vicepresidente del Centro de Estudios Hist\u00f3rico- Militar; Dr. Ra\u00fal Chanam\u00e9 Presidente de la Comisi\u00f3n Bicentenario del Per\u00fa; Dr. Roberto Arancibia Clavel, Universidad Bernardo O\u00b4Higgins.<\/p>\n","protected":false},"author":1,"featured_media":8818,"comment_status":"open","ping_status":"open","sticky":false,"template":"","format":"standard","meta":{"footnotes":""},"categories":[10],"tags":[],"class_list":["post-8819","post","type-post","status-publish","format-standard","has-post-thumbnail","hentry","category-noticias"],"_links":{"self":[{"href":"https:\/\/www.academiahistoriamilitar.cl\/academia\/wp-json\/wp\/v2\/posts\/8819","targetHints":{"allow":["GET"]}}],"collection":[{"href":"https:\/\/www.academiahistoriamilitar.cl\/academia\/wp-json\/wp\/v2\/posts"}],"about":[{"href":"https:\/\/www.academiahistoriamilitar.cl\/academia\/wp-json\/wp\/v2\/types\/post"}],"author":[{"embeddable":true,"href":"https:\/\/www.academiahistoriamilitar.cl\/academia\/wp-json\/wp\/v2\/users\/1"}],"replies":[{"embeddable":true,"href":"https:\/\/www.academiahistoriamilitar.cl\/academia\/wp-json\/wp\/v2\/comments?post=8819"}],"version-history":[{"count":2,"href":"https:\/\/www.academiahistoriamilitar.cl\/academia\/wp-json\/wp\/v2\/posts\/8819\/revisions"}],"predecessor-version":[{"id":8821,"href":"https:\/\/www.academiahistoriamilitar.cl\/academia\/wp-json\/wp\/v2\/posts\/8819\/revisions\/8821"}],"wp:featuredmedia":[{"embeddable":true,"href":"https:\/\/www.academiahistoriamilitar.cl\/academia\/wp-json\/wp\/v2\/media\/8818"}],"wp:attachment":[{"href":"https:\/\/www.academiahistoriamilitar.cl\/academia\/wp-json\/wp\/v2\/media?parent=8819"}],"wp:term":[{"taxonomy":"category","embeddable":true,"href":"https:\/\/www.academiahistoriamilitar.cl\/academia\/wp-json\/wp\/v2\/categories?post=8819"},{"taxonomy":"post_tag","embeddable":true,"href":"https:\/\/www.academiahistoriamilitar.cl\/academia\/wp-json\/wp\/v2\/tags?post=8819"}],"curies":[{"name":"wp","href":"https:\/\/api.w.org\/{rel}","templated":true}]}}