{"id":8682,"date":"2023-06-22T18:05:22","date_gmt":"2023-06-22T18:05:22","guid":{"rendered":"https:\/\/www.academiahistoriamilitar.cl\/academia\/?p=8682"},"modified":"2023-06-22T22:01:44","modified_gmt":"2023-06-22T22:01:44","slug":"la-defensa-de-arica-1973-1976","status":"publish","type":"post","link":"https:\/\/www.academiahistoriamilitar.cl\/academia\/la-defensa-de-arica-1973-1976\/","title":{"rendered":"La defensa de Arica 1973-1976"},"content":{"rendered":"","protected":false},"excerpt":{"rendered":"<p>Este libro aborda con profundidad la crisis de Chile con el Per\u00fa de 1973-1976 que acerc\u00f3 peligrosamente a ambos pa\u00edses a la guerra, en un contexto nacional e internacional altamente complejo.<\/p>\n","protected":false},"author":1,"featured_media":8616,"comment_status":"open","ping_status":"open","sticky":false,"template":"","format":"standard","meta":{"footnotes":""},"categories":[50],"tags":[],"class_list":["post-8682","post","type-post","status-publish","format-standard","has-post-thumbnail","hentry","category-nuestras-publicaciones"],"_links":{"self":[{"href":"https:\/\/www.academiahistoriamilitar.cl\/academia\/wp-json\/wp\/v2\/posts\/8682","targetHints":{"allow":["GET"]}}],"collection":[{"href":"https:\/\/www.academiahistoriamilitar.cl\/academia\/wp-json\/wp\/v2\/posts"}],"about":[{"href":"https:\/\/www.academiahistoriamilitar.cl\/academia\/wp-json\/wp\/v2\/types\/post"}],"author":[{"embeddable":true,"href":"https:\/\/www.academiahistoriamilitar.cl\/academia\/wp-json\/wp\/v2\/users\/1"}],"replies":[{"embeddable":true,"href":"https:\/\/www.academiahistoriamilitar.cl\/academia\/wp-json\/wp\/v2\/comments?post=8682"}],"version-history":[{"count":2,"href":"https:\/\/www.academiahistoriamilitar.cl\/academia\/wp-json\/wp\/v2\/posts\/8682\/revisions"}],"predecessor-version":[{"id":8706,"href":"https:\/\/www.academiahistoriamilitar.cl\/academia\/wp-json\/wp\/v2\/posts\/8682\/revisions\/8706"}],"wp:featuredmedia":[{"embeddable":true,"href":"https:\/\/www.academiahistoriamilitar.cl\/academia\/wp-json\/wp\/v2\/media\/8616"}],"wp:attachment":[{"href":"https:\/\/www.academiahistoriamilitar.cl\/academia\/wp-json\/wp\/v2\/media?parent=8682"}],"wp:term":[{"taxonomy":"category","embeddable":true,"href":"https:\/\/www.academiahistoriamilitar.cl\/academia\/wp-json\/wp\/v2\/categories?post=8682"},{"taxonomy":"post_tag","embeddable":true,"href":"https:\/\/www.academiahistoriamilitar.cl\/academia\/wp-json\/wp\/v2\/tags?post=8682"}],"curies":[{"name":"wp","href":"https:\/\/api.w.org\/{rel}","templated":true}]}}