{"id":8674,"date":"2023-06-22T17:53:21","date_gmt":"2023-06-22T17:53:21","guid":{"rendered":"https:\/\/www.academiahistoriamilitar.cl\/academia\/?p=8674"},"modified":"2023-06-22T21:56:12","modified_gmt":"2023-06-22T21:56:12","slug":"los-ohiggins-su-historia-intima","status":"publish","type":"post","link":"https:\/\/www.academiahistoriamilitar.cl\/academia\/los-ohiggins-su-historia-intima\/","title":{"rendered":"Los O&#8217;Higgins: su historia \u00edntima"},"content":{"rendered":"","protected":false},"excerpt":{"rendered":"<p>Este libro pone a disposici\u00f3n del lector &#8211; con el rigor hist\u00f3rico que corresponde -, aspectos poco conocidos de la vida de los tres integrantes varones de la familia O&#8217;Higgins: Ambrosio, Bernardo y Demetrio.<\/p>\n","protected":false},"author":1,"featured_media":8625,"comment_status":"open","ping_status":"open","sticky":false,"template":"","format":"standard","meta":{"footnotes":""},"categories":[50],"tags":[],"class_list":["post-8674","post","type-post","status-publish","format-standard","has-post-thumbnail","hentry","category-nuestras-publicaciones"],"_links":{"self":[{"href":"https:\/\/www.academiahistoriamilitar.cl\/academia\/wp-json\/wp\/v2\/posts\/8674","targetHints":{"allow":["GET"]}}],"collection":[{"href":"https:\/\/www.academiahistoriamilitar.cl\/academia\/wp-json\/wp\/v2\/posts"}],"about":[{"href":"https:\/\/www.academiahistoriamilitar.cl\/academia\/wp-json\/wp\/v2\/types\/post"}],"author":[{"embeddable":true,"href":"https:\/\/www.academiahistoriamilitar.cl\/academia\/wp-json\/wp\/v2\/users\/1"}],"replies":[{"embeddable":true,"href":"https:\/\/www.academiahistoriamilitar.cl\/academia\/wp-json\/wp\/v2\/comments?post=8674"}],"version-history":[{"count":2,"href":"https:\/\/www.academiahistoriamilitar.cl\/academia\/wp-json\/wp\/v2\/posts\/8674\/revisions"}],"predecessor-version":[{"id":8702,"href":"https:\/\/www.academiahistoriamilitar.cl\/academia\/wp-json\/wp\/v2\/posts\/8674\/revisions\/8702"}],"wp:featuredmedia":[{"embeddable":true,"href":"https:\/\/www.academiahistoriamilitar.cl\/academia\/wp-json\/wp\/v2\/media\/8625"}],"wp:attachment":[{"href":"https:\/\/www.academiahistoriamilitar.cl\/academia\/wp-json\/wp\/v2\/media?parent=8674"}],"wp:term":[{"taxonomy":"category","embeddable":true,"href":"https:\/\/www.academiahistoriamilitar.cl\/academia\/wp-json\/wp\/v2\/categories?post=8674"},{"taxonomy":"post_tag","embeddable":true,"href":"https:\/\/www.academiahistoriamilitar.cl\/academia\/wp-json\/wp\/v2\/tags?post=8674"}],"curies":[{"name":"wp","href":"https:\/\/api.w.org\/{rel}","templated":true}]}}