{"id":8672,"date":"2023-06-22T17:51:14","date_gmt":"2023-06-22T17:51:14","guid":{"rendered":"https:\/\/www.academiahistoriamilitar.cl\/academia\/?p=8672"},"modified":"2023-06-22T21:54:04","modified_gmt":"2023-06-22T21:54:04","slug":"batallon-atacama-el-mas-bravo-entre-los-bravos","status":"publish","type":"post","link":"https:\/\/www.academiahistoriamilitar.cl\/academia\/batallon-atacama-el-mas-bravo-entre-los-bravos\/","title":{"rendered":"Batall\u00f3n Atacama. El m\u00e1s bravo entre los bravos"},"content":{"rendered":"","protected":false},"excerpt":{"rendered":"<p>Este libro trata la historia de una de las unidades chilenas m\u00e1s emblem\u00e1ticas de la Guerra del Pac\u00edfico: el Regimiento Atacama, el cual estuvo integrado por hijos de esa regi\u00f3n de nuestro pa\u00eds y particip\u00f3 en los hechos de armas m\u00e1s gloriosos de ese largo conflicto.<\/p>\n","protected":false},"author":1,"featured_media":8636,"comment_status":"open","ping_status":"open","sticky":false,"template":"","format":"standard","meta":{"footnotes":""},"categories":[50],"tags":[],"class_list":["post-8672","post","type-post","status-publish","format-standard","has-post-thumbnail","hentry","category-nuestras-publicaciones"],"_links":{"self":[{"href":"https:\/\/www.academiahistoriamilitar.cl\/academia\/wp-json\/wp\/v2\/posts\/8672","targetHints":{"allow":["GET"]}}],"collection":[{"href":"https:\/\/www.academiahistoriamilitar.cl\/academia\/wp-json\/wp\/v2\/posts"}],"about":[{"href":"https:\/\/www.academiahistoriamilitar.cl\/academia\/wp-json\/wp\/v2\/types\/post"}],"author":[{"embeddable":true,"href":"https:\/\/www.academiahistoriamilitar.cl\/academia\/wp-json\/wp\/v2\/users\/1"}],"replies":[{"embeddable":true,"href":"https:\/\/www.academiahistoriamilitar.cl\/academia\/wp-json\/wp\/v2\/comments?post=8672"}],"version-history":[{"count":2,"href":"https:\/\/www.academiahistoriamilitar.cl\/academia\/wp-json\/wp\/v2\/posts\/8672\/revisions"}],"predecessor-version":[{"id":8701,"href":"https:\/\/www.academiahistoriamilitar.cl\/academia\/wp-json\/wp\/v2\/posts\/8672\/revisions\/8701"}],"wp:featuredmedia":[{"embeddable":true,"href":"https:\/\/www.academiahistoriamilitar.cl\/academia\/wp-json\/wp\/v2\/media\/8636"}],"wp:attachment":[{"href":"https:\/\/www.academiahistoriamilitar.cl\/academia\/wp-json\/wp\/v2\/media?parent=8672"}],"wp:term":[{"taxonomy":"category","embeddable":true,"href":"https:\/\/www.academiahistoriamilitar.cl\/academia\/wp-json\/wp\/v2\/categories?post=8672"},{"taxonomy":"post_tag","embeddable":true,"href":"https:\/\/www.academiahistoriamilitar.cl\/academia\/wp-json\/wp\/v2\/tags?post=8672"}],"curies":[{"name":"wp","href":"https:\/\/api.w.org\/{rel}","templated":true}]}}