{"id":8662,"date":"2023-06-22T17:17:30","date_gmt":"2023-06-22T17:17:30","guid":{"rendered":"https:\/\/www.academiahistoriamilitar.cl\/academia\/?p=8662"},"modified":"2023-06-22T21:47:38","modified_gmt":"2023-06-22T21:47:38","slug":"las-cuatro-campanas-de-la-guerra-del-pacifico","status":"publish","type":"post","link":"https:\/\/www.academiahistoriamilitar.cl\/academia\/las-cuatro-campanas-de-la-guerra-del-pacifico\/","title":{"rendered":"Las cuatro campa\u00f1as de la Guerra del Pac\u00edfico"},"content":{"rendered":"","protected":false},"excerpt":{"rendered":"<p>La Academia de Historia Militar entrega al p\u00fablico una nueva edici\u00f3n de esta monumental obra que fue escrita originalmente en cuatro vol\u00famenes por el capit\u00e1n Francisco Machuca, oficial del Ej\u00e9rcito de Chile que particip\u00f3 en las operaciones de la Guerra del Pac\u00edfico, sostenida contra Per\u00fa y Bolivia entre los a\u00f1os 1879 y 1884. La obra tiene el car\u00e1cter de un testimonio de primera mano de los hechos que acontecieron durante esa larga campa\u00f1a militar, especialmente en su vertiente castrense; pero tambi\u00e9n aborda varias otras facetas como la pol\u00edtica, la social y la cultural. El relato va entregando una v\u00edvida imagen de lo que era la cultura material de la \u00e9poca, as\u00ed como tambi\u00e9n la vida cotidiana en los campamentos militares, la relaci\u00f3n entre los mandos militares y pol\u00edticos, el desarrollo de las operaciones militares mismas, etc.<\/p>\n","protected":false},"author":1,"featured_media":8621,"comment_status":"open","ping_status":"open","sticky":false,"template":"","format":"standard","meta":{"footnotes":""},"categories":[50],"tags":[],"class_list":["post-8662","post","type-post","status-publish","format-standard","has-post-thumbnail","hentry","category-nuestras-publicaciones"],"_links":{"self":[{"href":"https:\/\/www.academiahistoriamilitar.cl\/academia\/wp-json\/wp\/v2\/posts\/8662","targetHints":{"allow":["GET"]}}],"collection":[{"href":"https:\/\/www.academiahistoriamilitar.cl\/academia\/wp-json\/wp\/v2\/posts"}],"about":[{"href":"https:\/\/www.academiahistoriamilitar.cl\/academia\/wp-json\/wp\/v2\/types\/post"}],"author":[{"embeddable":true,"href":"https:\/\/www.academiahistoriamilitar.cl\/academia\/wp-json\/wp\/v2\/users\/1"}],"replies":[{"embeddable":true,"href":"https:\/\/www.academiahistoriamilitar.cl\/academia\/wp-json\/wp\/v2\/comments?post=8662"}],"version-history":[{"count":2,"href":"https:\/\/www.academiahistoriamilitar.cl\/academia\/wp-json\/wp\/v2\/posts\/8662\/revisions"}],"predecessor-version":[{"id":8695,"href":"https:\/\/www.academiahistoriamilitar.cl\/academia\/wp-json\/wp\/v2\/posts\/8662\/revisions\/8695"}],"wp:featuredmedia":[{"embeddable":true,"href":"https:\/\/www.academiahistoriamilitar.cl\/academia\/wp-json\/wp\/v2\/media\/8621"}],"wp:attachment":[{"href":"https:\/\/www.academiahistoriamilitar.cl\/academia\/wp-json\/wp\/v2\/media?parent=8662"}],"wp:term":[{"taxonomy":"category","embeddable":true,"href":"https:\/\/www.academiahistoriamilitar.cl\/academia\/wp-json\/wp\/v2\/categories?post=8662"},{"taxonomy":"post_tag","embeddable":true,"href":"https:\/\/www.academiahistoriamilitar.cl\/academia\/wp-json\/wp\/v2\/tags?post=8662"}],"curies":[{"name":"wp","href":"https:\/\/api.w.org\/{rel}","templated":true}]}}