{"id":8660,"date":"2023-06-22T17:14:48","date_gmt":"2023-06-22T17:14:48","guid":{"rendered":"https:\/\/www.academiahistoriamilitar.cl\/academia\/?p=8660"},"modified":"2023-06-22T21:46:28","modified_gmt":"2023-06-22T21:46:28","slug":"cochrane-el-almirante-del-diablo","status":"publish","type":"post","link":"https:\/\/www.academiahistoriamilitar.cl\/academia\/cochrane-el-almirante-del-diablo\/","title":{"rendered":"Cochrane: El almirante del diablo"},"content":{"rendered":"","protected":false},"excerpt":{"rendered":"<p>Teniendo en consideraci\u00f3n que el 20 de agosto de 2020 se conmemor\u00f3 el bicentenario del zarpe de la Expedici\u00f3n Libertadora al Per\u00fa, la Academia de Historia Militar consider\u00f3 editar una serie de libros relativos a dicho aniversario, siendo el primero de estos una de las mejores biograf\u00edas del vicealmirante Thomas Alexander Cochrane, escrita por Donald Thomas, que fue originalmente publicada en Inglaterra con el nombre de \u201cCOCHRANE. The Britannia\u2019s Sea Wolf\u201d (1978 y con posteriores reediciones en 2001 y 2002). Para ello, la Academia adquiri\u00f3 los derechos para su publicaci\u00f3n en espa\u00f1ol, bajo el t\u00edtulo \u201cCOCHRANE. El almirante del diablo\u201d a objeto de difundir la vida y acciones de este marino escoc\u00e9s que en forma tan importante influy\u00f3 en los procesos de la independencia americana y en la fundaci\u00f3n y desarrollo de la Armada de Chile.<\/p>\n","protected":false},"author":1,"featured_media":8610,"comment_status":"open","ping_status":"open","sticky":false,"template":"","format":"standard","meta":{"footnotes":""},"categories":[50],"tags":[],"class_list":["post-8660","post","type-post","status-publish","format-standard","has-post-thumbnail","hentry","category-nuestras-publicaciones"],"_links":{"self":[{"href":"https:\/\/www.academiahistoriamilitar.cl\/academia\/wp-json\/wp\/v2\/posts\/8660","targetHints":{"allow":["GET"]}}],"collection":[{"href":"https:\/\/www.academiahistoriamilitar.cl\/academia\/wp-json\/wp\/v2\/posts"}],"about":[{"href":"https:\/\/www.academiahistoriamilitar.cl\/academia\/wp-json\/wp\/v2\/types\/post"}],"author":[{"embeddable":true,"href":"https:\/\/www.academiahistoriamilitar.cl\/academia\/wp-json\/wp\/v2\/users\/1"}],"replies":[{"embeddable":true,"href":"https:\/\/www.academiahistoriamilitar.cl\/academia\/wp-json\/wp\/v2\/comments?post=8660"}],"version-history":[{"count":2,"href":"https:\/\/www.academiahistoriamilitar.cl\/academia\/wp-json\/wp\/v2\/posts\/8660\/revisions"}],"predecessor-version":[{"id":8694,"href":"https:\/\/www.academiahistoriamilitar.cl\/academia\/wp-json\/wp\/v2\/posts\/8660\/revisions\/8694"}],"wp:featuredmedia":[{"embeddable":true,"href":"https:\/\/www.academiahistoriamilitar.cl\/academia\/wp-json\/wp\/v2\/media\/8610"}],"wp:attachment":[{"href":"https:\/\/www.academiahistoriamilitar.cl\/academia\/wp-json\/wp\/v2\/media?parent=8660"}],"wp:term":[{"taxonomy":"category","embeddable":true,"href":"https:\/\/www.academiahistoriamilitar.cl\/academia\/wp-json\/wp\/v2\/categories?post=8660"},{"taxonomy":"post_tag","embeddable":true,"href":"https:\/\/www.academiahistoriamilitar.cl\/academia\/wp-json\/wp\/v2\/tags?post=8660"}],"curies":[{"name":"wp","href":"https:\/\/api.w.org\/{rel}","templated":true}]}}