{"id":8495,"date":"2023-11-30T01:25:00","date_gmt":"2023-11-30T01:25:00","guid":{"rendered":"https:\/\/www.academiahistoriamilitar.cl\/academia\/?p=8495"},"modified":"2024-04-26T20:36:04","modified_gmt":"2024-04-26T20:36:04","slug":"el-gobierno-de-la-democracia-cristiana-y-los-militares-chilenos-primera-parte","status":"publish","type":"post","link":"https:\/\/www.academiahistoriamilitar.cl\/academia\/el-gobierno-de-la-democracia-cristiana-y-los-militares-chilenos-primera-parte\/","title":{"rendered":"El Gobierno de la Democracia Cristiana y los militares chilenos"},"content":{"rendered":"","protected":false},"excerpt":{"rendered":"<p>El presente estudio corresponde a la primera entrega de una serie de art\u00edculos elaborados por el el historiador Roberto Arancibia, en los que se abordar\u00e1 a la sociedad chilena y los militares durante la segunda mitad del siglo XX. Iniciando dicha entrega con el an\u00e1lisis historiogr\u00e1fico de la relaci\u00f3n entre el Gobierno de la Democracia Cristiana y los militares chilenos.<\/p>\n","protected":false},"author":1,"featured_media":8493,"comment_status":"open","ping_status":"open","sticky":false,"template":"","format":"standard","meta":{"footnotes":""},"categories":[47,54],"tags":[],"class_list":["post-8495","post","type-post","status-publish","format-standard","has-post-thumbnail","hentry","category-ejercito-sociedad","category-ejercito-sociedad-robertoarancibia"],"_links":{"self":[{"href":"https:\/\/www.academiahistoriamilitar.cl\/academia\/wp-json\/wp\/v2\/posts\/8495","targetHints":{"allow":["GET"]}}],"collection":[{"href":"https:\/\/www.academiahistoriamilitar.cl\/academia\/wp-json\/wp\/v2\/posts"}],"about":[{"href":"https:\/\/www.academiahistoriamilitar.cl\/academia\/wp-json\/wp\/v2\/types\/post"}],"author":[{"embeddable":true,"href":"https:\/\/www.academiahistoriamilitar.cl\/academia\/wp-json\/wp\/v2\/users\/1"}],"replies":[{"embeddable":true,"href":"https:\/\/www.academiahistoriamilitar.cl\/academia\/wp-json\/wp\/v2\/comments?post=8495"}],"version-history":[{"count":4,"href":"https:\/\/www.academiahistoriamilitar.cl\/academia\/wp-json\/wp\/v2\/posts\/8495\/revisions"}],"predecessor-version":[{"id":8933,"href":"https:\/\/www.academiahistoriamilitar.cl\/academia\/wp-json\/wp\/v2\/posts\/8495\/revisions\/8933"}],"wp:featuredmedia":[{"embeddable":true,"href":"https:\/\/www.academiahistoriamilitar.cl\/academia\/wp-json\/wp\/v2\/media\/8493"}],"wp:attachment":[{"href":"https:\/\/www.academiahistoriamilitar.cl\/academia\/wp-json\/wp\/v2\/media?parent=8495"}],"wp:term":[{"taxonomy":"category","embeddable":true,"href":"https:\/\/www.academiahistoriamilitar.cl\/academia\/wp-json\/wp\/v2\/categories?post=8495"},{"taxonomy":"post_tag","embeddable":true,"href":"https:\/\/www.academiahistoriamilitar.cl\/academia\/wp-json\/wp\/v2\/tags?post=8495"}],"curies":[{"name":"wp","href":"https:\/\/api.w.org\/{rel}","templated":true}]}}