{"id":84,"date":"1824-03-01T10:59:05","date_gmt":"1824-03-01T10:59:05","guid":{"rendered":""},"modified":"2018-06-14T14:27:54","modified_gmt":"2018-06-14T14:27:54","slug":"inicio-primera-campana-de-chiloe","status":"publish","type":"post","link":"https:\/\/www.academiahistoriamilitar.cl\/academia\/inicio-primera-campana-de-chiloe\/","title":{"rendered":"INICIO PRIMERA CAMPA\u00d1A DE CHILO\u00c9"},"content":{"rendered":"<p>CAMPA\u00d1AS DE CHILO\u00c9<br \/>\n01 de Marzo 1824<br \/>\nInicio de la Primera Campa\u00f1a de Chilo\u00e9<br \/>\nParte la expedici\u00f3n al mando del general Ram\u00f3n Freire. <\/p>\n","protected":false},"excerpt":{"rendered":"<p>CAMPA\u00d1AS DE CHILO\u00c9 01 de Marzo 1824 Inicio de la Primera Campa\u00f1a de<span class=\"excerpt-hellip\"> [\u2026]<\/span><\/p>\n","protected":false},"author":1,"featured_media":0,"comment_status":"open","ping_status":"open","sticky":false,"template":"","format":"standard","meta":{"footnotes":""},"categories":[14],"tags":[37],"class_list":["post-84","post","type-post","status-publish","format-standard","hentry","category-efemerides","tag-marzo"],"_links":{"self":[{"href":"https:\/\/www.academiahistoriamilitar.cl\/academia\/wp-json\/wp\/v2\/posts\/84","targetHints":{"allow":["GET"]}}],"collection":[{"href":"https:\/\/www.academiahistoriamilitar.cl\/academia\/wp-json\/wp\/v2\/posts"}],"about":[{"href":"https:\/\/www.academiahistoriamilitar.cl\/academia\/wp-json\/wp\/v2\/types\/post"}],"author":[{"embeddable":true,"href":"https:\/\/www.academiahistoriamilitar.cl\/academia\/wp-json\/wp\/v2\/users\/1"}],"replies":[{"embeddable":true,"href":"https:\/\/www.academiahistoriamilitar.cl\/academia\/wp-json\/wp\/v2\/comments?post=84"}],"version-history":[{"count":1,"href":"https:\/\/www.academiahistoriamilitar.cl\/academia\/wp-json\/wp\/v2\/posts\/84\/revisions"}],"predecessor-version":[{"id":5237,"href":"https:\/\/www.academiahistoriamilitar.cl\/academia\/wp-json\/wp\/v2\/posts\/84\/revisions\/5237"}],"wp:attachment":[{"href":"https:\/\/www.academiahistoriamilitar.cl\/academia\/wp-json\/wp\/v2\/media?parent=84"}],"wp:term":[{"taxonomy":"category","embeddable":true,"href":"https:\/\/www.academiahistoriamilitar.cl\/academia\/wp-json\/wp\/v2\/categories?post=84"},{"taxonomy":"post_tag","embeddable":true,"href":"https:\/\/www.academiahistoriamilitar.cl\/academia\/wp-json\/wp\/v2\/tags?post=84"}],"curies":[{"name":"wp","href":"https:\/\/api.w.org\/{rel}","templated":true}]}}