{"id":8136,"date":"2021-11-12T13:05:01","date_gmt":"2021-11-12T13:05:01","guid":{"rendered":"https:\/\/www.academiahistoriamilitar.cl\/academia\/?p=8136"},"modified":"2021-11-12T13:05:02","modified_gmt":"2021-11-12T13:05:02","slug":"coronel-de-ingenieros-benjamin-videla-vergara","status":"publish","type":"post","link":"https:\/\/www.academiahistoriamilitar.cl\/academia\/coronel-de-ingenieros-benjamin-videla-vergara\/","title":{"rendered":"Coronel de ingenieros Benjam\u00edn Videla Vergara"},"content":{"rendered":"","protected":false},"excerpt":{"rendered":"<p>En la imagen, el entonces coronel de ingenieros Benjam\u00edn Videla Vergara revisa unos papeles en su escritorio, quien, posteriormente, en 1953, siendo subsecretario de guerra del gobierno de Carlos Ib\u00e1\u00f1ez del Campo, cre\u00f3 el<br \/>\nServicio Militar del Trabajo junto con el general de divisi\u00f3n Abd\u00f3n Parra Urz\u00faa.<\/p>\n","protected":false},"author":1,"featured_media":7847,"comment_status":"open","ping_status":"open","sticky":false,"template":"","format":"standard","meta":{"footnotes":""},"categories":[44],"tags":[],"class_list":["post-8136","post","type-post","status-publish","format-standard","has-post-thumbnail","hentry","category-imagenes-con-historia"],"_links":{"self":[{"href":"https:\/\/www.academiahistoriamilitar.cl\/academia\/wp-json\/wp\/v2\/posts\/8136","targetHints":{"allow":["GET"]}}],"collection":[{"href":"https:\/\/www.academiahistoriamilitar.cl\/academia\/wp-json\/wp\/v2\/posts"}],"about":[{"href":"https:\/\/www.academiahistoriamilitar.cl\/academia\/wp-json\/wp\/v2\/types\/post"}],"author":[{"embeddable":true,"href":"https:\/\/www.academiahistoriamilitar.cl\/academia\/wp-json\/wp\/v2\/users\/1"}],"replies":[{"embeddable":true,"href":"https:\/\/www.academiahistoriamilitar.cl\/academia\/wp-json\/wp\/v2\/comments?post=8136"}],"version-history":[{"count":1,"href":"https:\/\/www.academiahistoriamilitar.cl\/academia\/wp-json\/wp\/v2\/posts\/8136\/revisions"}],"predecessor-version":[{"id":8137,"href":"https:\/\/www.academiahistoriamilitar.cl\/academia\/wp-json\/wp\/v2\/posts\/8136\/revisions\/8137"}],"wp:featuredmedia":[{"embeddable":true,"href":"https:\/\/www.academiahistoriamilitar.cl\/academia\/wp-json\/wp\/v2\/media\/7847"}],"wp:attachment":[{"href":"https:\/\/www.academiahistoriamilitar.cl\/academia\/wp-json\/wp\/v2\/media?parent=8136"}],"wp:term":[{"taxonomy":"category","embeddable":true,"href":"https:\/\/www.academiahistoriamilitar.cl\/academia\/wp-json\/wp\/v2\/categories?post=8136"},{"taxonomy":"post_tag","embeddable":true,"href":"https:\/\/www.academiahistoriamilitar.cl\/academia\/wp-json\/wp\/v2\/tags?post=8136"}],"curies":[{"name":"wp","href":"https:\/\/api.w.org\/{rel}","templated":true}]}}