{"id":8087,"date":"2021-11-12T12:24:44","date_gmt":"2021-11-12T12:24:44","guid":{"rendered":"https:\/\/www.academiahistoriamilitar.cl\/academia\/?p=8087"},"modified":"2021-11-12T12:24:45","modified_gmt":"2021-11-12T12:24:45","slug":"regimiento-de-caballeria-cazadores","status":"publish","type":"post","link":"https:\/\/www.academiahistoriamilitar.cl\/academia\/regimiento-de-caballeria-cazadores\/","title":{"rendered":"Regimiento de caballer\u00eda Cazadores"},"content":{"rendered":"","protected":false},"excerpt":{"rendered":"<p>Revista militar en el Parque Cousi\u00f1o el 3 de abril de 1914, en honor del pr\u00edncipe Enrique de Prusia, quien se encontraba en el pa\u00eds por la visita de una divisi\u00f3n de tres barcos de la Armada Imperial alemana.<\/p>\n","protected":false},"author":1,"featured_media":7805,"comment_status":"open","ping_status":"open","sticky":false,"template":"","format":"standard","meta":{"footnotes":""},"categories":[44],"tags":[],"class_list":["post-8087","post","type-post","status-publish","format-standard","has-post-thumbnail","hentry","category-imagenes-con-historia"],"_links":{"self":[{"href":"https:\/\/www.academiahistoriamilitar.cl\/academia\/wp-json\/wp\/v2\/posts\/8087","targetHints":{"allow":["GET"]}}],"collection":[{"href":"https:\/\/www.academiahistoriamilitar.cl\/academia\/wp-json\/wp\/v2\/posts"}],"about":[{"href":"https:\/\/www.academiahistoriamilitar.cl\/academia\/wp-json\/wp\/v2\/types\/post"}],"author":[{"embeddable":true,"href":"https:\/\/www.academiahistoriamilitar.cl\/academia\/wp-json\/wp\/v2\/users\/1"}],"replies":[{"embeddable":true,"href":"https:\/\/www.academiahistoriamilitar.cl\/academia\/wp-json\/wp\/v2\/comments?post=8087"}],"version-history":[{"count":1,"href":"https:\/\/www.academiahistoriamilitar.cl\/academia\/wp-json\/wp\/v2\/posts\/8087\/revisions"}],"predecessor-version":[{"id":8088,"href":"https:\/\/www.academiahistoriamilitar.cl\/academia\/wp-json\/wp\/v2\/posts\/8087\/revisions\/8088"}],"wp:featuredmedia":[{"embeddable":true,"href":"https:\/\/www.academiahistoriamilitar.cl\/academia\/wp-json\/wp\/v2\/media\/7805"}],"wp:attachment":[{"href":"https:\/\/www.academiahistoriamilitar.cl\/academia\/wp-json\/wp\/v2\/media?parent=8087"}],"wp:term":[{"taxonomy":"category","embeddable":true,"href":"https:\/\/www.academiahistoriamilitar.cl\/academia\/wp-json\/wp\/v2\/categories?post=8087"},{"taxonomy":"post_tag","embeddable":true,"href":"https:\/\/www.academiahistoriamilitar.cl\/academia\/wp-json\/wp\/v2\/tags?post=8087"}],"curies":[{"name":"wp","href":"https:\/\/api.w.org\/{rel}","templated":true}]}}