{"id":7977,"date":"2021-11-04T22:05:55","date_gmt":"2021-11-04T22:05:55","guid":{"rendered":"https:\/\/www.academiahistoriamilitar.cl\/academia\/?p=7977"},"modified":"2021-11-04T22:06:34","modified_gmt":"2021-11-04T22:06:34","slug":"lanzamiento-de-la-obra-los-ohiggins-su-historia-intima-en-chillan-viejo","status":"publish","type":"post","link":"https:\/\/www.academiahistoriamilitar.cl\/academia\/lanzamiento-de-la-obra-los-ohiggins-su-historia-intima-en-chillan-viejo\/","title":{"rendered":"LANZAMIENTO DE LA OBRA \u201cLOS O\u2019HIGGINS. SU HISTORIA \u00cdNTIMA\u201d EN CHILL\u00c1N VIEJO"},"content":{"rendered":"\n<p class=\"has-text-align-left\">El pasado 21 de octubre se present\u00f3 la \u00faltima obra publicada por la Academia de Historia Militar, \u201cLos O\u2019Higgins. Su historia \u00edntima\u201d, de Ra\u00fal Dinator Moreno, miembro activo de la Academia de Historia Militar, en la ciudad de Chill\u00e1n Viejo, donde el Libertador pas\u00f3 los a\u00f1os de su primera infancia. En la ocasi\u00f3n tom\u00f3 parte el autor de esta publicaci\u00f3n, con el concurso del Instituto O\u2019Higginiano de Chile, corporaci\u00f3n cultural de la cual tambi\u00e9n es miembro. Tambi\u00e9n particip\u00f3, e intervino el alcalde de Chill\u00e1n Viejo, Sr. Jorge del Pozo Pastene.<\/p>\n","protected":false},"excerpt":{"rendered":"<p>El pasado 21 de octubre se present\u00f3 la \u00faltima obra publicada por la Academia de Historia Militar, \u201cLos O\u2019Higgins. Su historia \u00edntima\u201d, de Ra\u00fal Dinator Moreno, miembro activo de la Academia de Historia Militar, en la ciudad de Chill\u00e1n Viejo, donde el Libertador pas\u00f3 los a\u00f1os de su primera infancia. En la ocasi\u00f3n tom\u00f3 parte el autor de esta publicaci\u00f3n, con el concurso del Instituto O\u2019Higginiano de Chile, corporaci\u00f3n cultural de la cual tambi\u00e9n es miembro. Tambi\u00e9n particip\u00f3, e intervino el alcalde de Chill\u00e1n Viejo, Sr. Jorge del Pozo Pastene.<\/p>\n","protected":false},"author":1,"featured_media":8007,"comment_status":"open","ping_status":"open","sticky":false,"template":"","format":"standard","meta":{"footnotes":""},"categories":[10],"tags":[],"class_list":["post-7977","post","type-post","status-publish","format-standard","has-post-thumbnail","hentry","category-noticias"],"_links":{"self":[{"href":"https:\/\/www.academiahistoriamilitar.cl\/academia\/wp-json\/wp\/v2\/posts\/7977","targetHints":{"allow":["GET"]}}],"collection":[{"href":"https:\/\/www.academiahistoriamilitar.cl\/academia\/wp-json\/wp\/v2\/posts"}],"about":[{"href":"https:\/\/www.academiahistoriamilitar.cl\/academia\/wp-json\/wp\/v2\/types\/post"}],"author":[{"embeddable":true,"href":"https:\/\/www.academiahistoriamilitar.cl\/academia\/wp-json\/wp\/v2\/users\/1"}],"replies":[{"embeddable":true,"href":"https:\/\/www.academiahistoriamilitar.cl\/academia\/wp-json\/wp\/v2\/comments?post=7977"}],"version-history":[{"count":2,"href":"https:\/\/www.academiahistoriamilitar.cl\/academia\/wp-json\/wp\/v2\/posts\/7977\/revisions"}],"predecessor-version":[{"id":8011,"href":"https:\/\/www.academiahistoriamilitar.cl\/academia\/wp-json\/wp\/v2\/posts\/7977\/revisions\/8011"}],"wp:featuredmedia":[{"embeddable":true,"href":"https:\/\/www.academiahistoriamilitar.cl\/academia\/wp-json\/wp\/v2\/media\/8007"}],"wp:attachment":[{"href":"https:\/\/www.academiahistoriamilitar.cl\/academia\/wp-json\/wp\/v2\/media?parent=7977"}],"wp:term":[{"taxonomy":"category","embeddable":true,"href":"https:\/\/www.academiahistoriamilitar.cl\/academia\/wp-json\/wp\/v2\/categories?post=7977"},{"taxonomy":"post_tag","embeddable":true,"href":"https:\/\/www.academiahistoriamilitar.cl\/academia\/wp-json\/wp\/v2\/tags?post=7977"}],"curies":[{"name":"wp","href":"https:\/\/api.w.org\/{rel}","templated":true}]}}