{"id":7655,"date":"2021-09-02T17:42:53","date_gmt":"2021-09-02T17:42:53","guid":{"rendered":"https:\/\/www.academiahistoriamilitar.cl\/academia\/?p=7655"},"modified":"2021-09-02T17:42:54","modified_gmt":"2021-09-02T17:42:54","slug":"chile-san-martin-y-la-independencia-del-peru","status":"publish","type":"post","link":"https:\/\/www.academiahistoriamilitar.cl\/academia\/chile-san-martin-y-la-independencia-del-peru\/","title":{"rendered":"CHILE, SAN MART\u00cdN Y LA INDEPENDENCIA DEL PER\u00da"},"content":{"rendered":"","protected":false},"excerpt":{"rendered":"<p>En estos d\u00edas, la Rep\u00fablica del Per\u00fa conmemora el segundo centenario de su independencia, pues el 28 de julio de 1821 el general don Jos\u00e9 de San Mart\u00edn encabez\u00f3 en Lima la ceremonia de declaraci\u00f3n de independencia. Junto con la solemne declaraci\u00f3n, entreg\u00f3 a los peruanos su primera bandera que fuera dise\u00f1ada por \u00e9l mismo&#8230;..<\/p>\n","protected":false},"author":1,"featured_media":7656,"comment_status":"open","ping_status":"open","sticky":false,"template":"","format":"standard","meta":{"footnotes":""},"categories":[17],"tags":[],"class_list":["post-7655","post","type-post","status-publish","format-standard","has-post-thumbnail","hentry","category-columnas-de-opinion"],"_links":{"self":[{"href":"https:\/\/www.academiahistoriamilitar.cl\/academia\/wp-json\/wp\/v2\/posts\/7655","targetHints":{"allow":["GET"]}}],"collection":[{"href":"https:\/\/www.academiahistoriamilitar.cl\/academia\/wp-json\/wp\/v2\/posts"}],"about":[{"href":"https:\/\/www.academiahistoriamilitar.cl\/academia\/wp-json\/wp\/v2\/types\/post"}],"author":[{"embeddable":true,"href":"https:\/\/www.academiahistoriamilitar.cl\/academia\/wp-json\/wp\/v2\/users\/1"}],"replies":[{"embeddable":true,"href":"https:\/\/www.academiahistoriamilitar.cl\/academia\/wp-json\/wp\/v2\/comments?post=7655"}],"version-history":[{"count":1,"href":"https:\/\/www.academiahistoriamilitar.cl\/academia\/wp-json\/wp\/v2\/posts\/7655\/revisions"}],"predecessor-version":[{"id":7657,"href":"https:\/\/www.academiahistoriamilitar.cl\/academia\/wp-json\/wp\/v2\/posts\/7655\/revisions\/7657"}],"wp:featuredmedia":[{"embeddable":true,"href":"https:\/\/www.academiahistoriamilitar.cl\/academia\/wp-json\/wp\/v2\/media\/7656"}],"wp:attachment":[{"href":"https:\/\/www.academiahistoriamilitar.cl\/academia\/wp-json\/wp\/v2\/media?parent=7655"}],"wp:term":[{"taxonomy":"category","embeddable":true,"href":"https:\/\/www.academiahistoriamilitar.cl\/academia\/wp-json\/wp\/v2\/categories?post=7655"},{"taxonomy":"post_tag","embeddable":true,"href":"https:\/\/www.academiahistoriamilitar.cl\/academia\/wp-json\/wp\/v2\/tags?post=7655"}],"curies":[{"name":"wp","href":"https:\/\/api.w.org\/{rel}","templated":true}]}}