{"id":7644,"date":"2021-08-26T22:50:49","date_gmt":"2021-08-26T22:50:49","guid":{"rendered":"https:\/\/www.academiahistoriamilitar.cl\/academia\/?p=7644"},"modified":"2021-08-26T22:53:52","modified_gmt":"2021-08-26T22:53:52","slug":"cornelio-saavedra","status":"publish","type":"post","link":"https:\/\/www.academiahistoriamilitar.cl\/academia\/cornelio-saavedra\/","title":{"rendered":"Cornelio Saavedra"},"content":{"rendered":"","protected":false},"excerpt":{"rendered":"<p>En el cuerpo Reportajes del diario El Mercurio, del domingo reci\u00e9n pasado, el constituyente Benito Baranda se\u00f1al\u00f3 que fue descubriendo \u201c\u2026 que en La Araucan\u00eda no fue una pacificaci\u00f3n, que Cornelio Saavedra no fue un h\u00e9roe, fue bastante m\u00e1s brutal lo que sucedi\u00f3\u2026\u201d. M\u00e1s adelante&#8230;.<\/p>\n","protected":false},"author":1,"featured_media":7646,"comment_status":"open","ping_status":"open","sticky":false,"template":"","format":"standard","meta":{"footnotes":""},"categories":[17],"tags":[],"class_list":["post-7644","post","type-post","status-publish","format-standard","has-post-thumbnail","hentry","category-columnas-de-opinion"],"_links":{"self":[{"href":"https:\/\/www.academiahistoriamilitar.cl\/academia\/wp-json\/wp\/v2\/posts\/7644","targetHints":{"allow":["GET"]}}],"collection":[{"href":"https:\/\/www.academiahistoriamilitar.cl\/academia\/wp-json\/wp\/v2\/posts"}],"about":[{"href":"https:\/\/www.academiahistoriamilitar.cl\/academia\/wp-json\/wp\/v2\/types\/post"}],"author":[{"embeddable":true,"href":"https:\/\/www.academiahistoriamilitar.cl\/academia\/wp-json\/wp\/v2\/users\/1"}],"replies":[{"embeddable":true,"href":"https:\/\/www.academiahistoriamilitar.cl\/academia\/wp-json\/wp\/v2\/comments?post=7644"}],"version-history":[{"count":2,"href":"https:\/\/www.academiahistoriamilitar.cl\/academia\/wp-json\/wp\/v2\/posts\/7644\/revisions"}],"predecessor-version":[{"id":7648,"href":"https:\/\/www.academiahistoriamilitar.cl\/academia\/wp-json\/wp\/v2\/posts\/7644\/revisions\/7648"}],"wp:featuredmedia":[{"embeddable":true,"href":"https:\/\/www.academiahistoriamilitar.cl\/academia\/wp-json\/wp\/v2\/media\/7646"}],"wp:attachment":[{"href":"https:\/\/www.academiahistoriamilitar.cl\/academia\/wp-json\/wp\/v2\/media?parent=7644"}],"wp:term":[{"taxonomy":"category","embeddable":true,"href":"https:\/\/www.academiahistoriamilitar.cl\/academia\/wp-json\/wp\/v2\/categories?post=7644"},{"taxonomy":"post_tag","embeddable":true,"href":"https:\/\/www.academiahistoriamilitar.cl\/academia\/wp-json\/wp\/v2\/tags?post=7644"}],"curies":[{"name":"wp","href":"https:\/\/api.w.org\/{rel}","templated":true}]}}