{"id":7549,"date":"2021-03-10T19:20:13","date_gmt":"2021-03-10T19:20:13","guid":{"rendered":"https:\/\/www.academiahistoriamilitar.cl\/academia\/?p=7549"},"modified":"2021-03-10T19:20:16","modified_gmt":"2021-03-10T19:20:16","slug":"embajador-de-paraguay-realiza-visita-a-la-academia","status":"publish","type":"post","link":"https:\/\/www.academiahistoriamilitar.cl\/academia\/embajador-de-paraguay-realiza-visita-a-la-academia\/","title":{"rendered":"EMBAJADOR DE PARAGUAY REALIZA VISITA A LA ACADEMIA"},"content":{"rendered":"\n<p>Durante la ma\u00f1ana de hoy mi\u00e9rcoles, nuestra Academia de Historia Militar recibi\u00f3 la visita del excelent\u00edsimo se\u00f1or embajador de la rep\u00fablica del Paraguay, don Antonio Rivas Palacios, acompa\u00f1ado de los agregados militar y de defensa de dicha embajada.<\/p>\n\n\n\n<p>Durante la visita se exploraron \u00e1reas de cooperaci\u00f3n mutua en el desarrollo de investigaciones del \u00e1mbito de la historia militar latinoamericana, especialmente de los puntos de encuentro entre la Rep\u00fablica de Chile y Paraguay. Tras la reuni\u00f3n, se procedi\u00f3 a hacer un recorrido por las dependencias del Museo Hist\u00f3rico y Militar.<\/p>\n","protected":false},"excerpt":{"rendered":"<p>Durante la ma\u00f1ana de hoy mi\u00e9rcoles, nuestra Academia de Historia Militar recibi\u00f3 la<span class=\"excerpt-hellip\"> [\u2026]<\/span><\/p>\n","protected":false},"author":1,"featured_media":7548,"comment_status":"open","ping_status":"open","sticky":false,"template":"","format":"standard","meta":{"footnotes":""},"categories":[10],"tags":[],"class_list":["post-7549","post","type-post","status-publish","format-standard","has-post-thumbnail","hentry","category-noticias"],"_links":{"self":[{"href":"https:\/\/www.academiahistoriamilitar.cl\/academia\/wp-json\/wp\/v2\/posts\/7549","targetHints":{"allow":["GET"]}}],"collection":[{"href":"https:\/\/www.academiahistoriamilitar.cl\/academia\/wp-json\/wp\/v2\/posts"}],"about":[{"href":"https:\/\/www.academiahistoriamilitar.cl\/academia\/wp-json\/wp\/v2\/types\/post"}],"author":[{"embeddable":true,"href":"https:\/\/www.academiahistoriamilitar.cl\/academia\/wp-json\/wp\/v2\/users\/1"}],"replies":[{"embeddable":true,"href":"https:\/\/www.academiahistoriamilitar.cl\/academia\/wp-json\/wp\/v2\/comments?post=7549"}],"version-history":[{"count":2,"href":"https:\/\/www.academiahistoriamilitar.cl\/academia\/wp-json\/wp\/v2\/posts\/7549\/revisions"}],"predecessor-version":[{"id":7551,"href":"https:\/\/www.academiahistoriamilitar.cl\/academia\/wp-json\/wp\/v2\/posts\/7549\/revisions\/7551"}],"wp:featuredmedia":[{"embeddable":true,"href":"https:\/\/www.academiahistoriamilitar.cl\/academia\/wp-json\/wp\/v2\/media\/7548"}],"wp:attachment":[{"href":"https:\/\/www.academiahistoriamilitar.cl\/academia\/wp-json\/wp\/v2\/media?parent=7549"}],"wp:term":[{"taxonomy":"category","embeddable":true,"href":"https:\/\/www.academiahistoriamilitar.cl\/academia\/wp-json\/wp\/v2\/categories?post=7549"},{"taxonomy":"post_tag","embeddable":true,"href":"https:\/\/www.academiahistoriamilitar.cl\/academia\/wp-json\/wp\/v2\/tags?post=7549"}],"curies":[{"name":"wp","href":"https:\/\/api.w.org\/{rel}","templated":true}]}}