{"id":7465,"date":"2020-11-02T17:53:18","date_gmt":"2020-11-02T17:53:18","guid":{"rendered":"http:\/\/www.academiahistoriamilitar.cl\/academia\/?p=7465"},"modified":"2024-04-21T16:50:02","modified_gmt":"2024-04-21T16:50:02","slug":"el-ejercito-de-chile-enfrentando-las-nuevas-amenazas-el-proceso-de-insercion-en-el-sistema-americano-de-defensa-y-los-inicios-de-la-transformacion-1942-1952","status":"publish","type":"post","link":"https:\/\/www.academiahistoriamilitar.cl\/academia\/el-ejercito-de-chile-enfrentando-las-nuevas-amenazas-el-proceso-de-insercion-en-el-sistema-americano-de-defensa-y-los-inicios-de-la-transformacion-1942-1952\/","title":{"rendered":"El Ej\u00e9rcito de Chile enfrentando las nuevas amenazas: el proceso de inserci\u00f3n en el sistema americano de defensa y los inicios de la transformaci\u00f3n (1942\u20131952 )"},"content":{"rendered":"","protected":false},"excerpt":{"rendered":"<p>Pedro Hormaz\u00e1bal Espinosa y Mar\u00eda Paz L\u00f3pez Parra.<br \/> Durante los primeros a\u00f1os de la Segunda Guerra Mundial, los pa\u00edses del continente americano mantuvieron la neutralidad diplom\u00e1tica ante un conflicto que, a pesar de&#8230;<\/p>\n","protected":false},"author":1,"featured_media":9067,"comment_status":"open","ping_status":"open","sticky":false,"template":"","format":"standard","meta":{"footnotes":""},"categories":[20],"tags":[],"class_list":["post-7465","post","type-post","status-publish","format-standard","has-post-thumbnail","hentry","category-perspectivas-de-historia"],"_links":{"self":[{"href":"https:\/\/www.academiahistoriamilitar.cl\/academia\/wp-json\/wp\/v2\/posts\/7465","targetHints":{"allow":["GET"]}}],"collection":[{"href":"https:\/\/www.academiahistoriamilitar.cl\/academia\/wp-json\/wp\/v2\/posts"}],"about":[{"href":"https:\/\/www.academiahistoriamilitar.cl\/academia\/wp-json\/wp\/v2\/types\/post"}],"author":[{"embeddable":true,"href":"https:\/\/www.academiahistoriamilitar.cl\/academia\/wp-json\/wp\/v2\/users\/1"}],"replies":[{"embeddable":true,"href":"https:\/\/www.academiahistoriamilitar.cl\/academia\/wp-json\/wp\/v2\/comments?post=7465"}],"version-history":[{"count":3,"href":"https:\/\/www.academiahistoriamilitar.cl\/academia\/wp-json\/wp\/v2\/posts\/7465\/revisions"}],"predecessor-version":[{"id":7468,"href":"https:\/\/www.academiahistoriamilitar.cl\/academia\/wp-json\/wp\/v2\/posts\/7465\/revisions\/7468"}],"wp:featuredmedia":[{"embeddable":true,"href":"https:\/\/www.academiahistoriamilitar.cl\/academia\/wp-json\/wp\/v2\/media\/9067"}],"wp:attachment":[{"href":"https:\/\/www.academiahistoriamilitar.cl\/academia\/wp-json\/wp\/v2\/media?parent=7465"}],"wp:term":[{"taxonomy":"category","embeddable":true,"href":"https:\/\/www.academiahistoriamilitar.cl\/academia\/wp-json\/wp\/v2\/categories?post=7465"},{"taxonomy":"post_tag","embeddable":true,"href":"https:\/\/www.academiahistoriamilitar.cl\/academia\/wp-json\/wp\/v2\/tags?post=7465"}],"curies":[{"name":"wp","href":"https:\/\/api.w.org\/{rel}","templated":true}]}}