{"id":7365,"date":"2020-10-06T19:28:36","date_gmt":"2020-10-06T19:28:36","guid":{"rendered":"http:\/\/www.academiahistoriamilitar.cl\/academia\/?p=7365"},"modified":"2024-04-21T17:01:49","modified_gmt":"2024-04-21T17:01:49","slug":"el-batallon-de-milicias-disciplinadas-de-infanteria-de-concepcion-1777-1817","status":"publish","type":"post","link":"https:\/\/www.academiahistoriamilitar.cl\/academia\/el-batallon-de-milicias-disciplinadas-de-infanteria-de-concepcion-1777-1817\/","title":{"rendered":"El batall\u00f3n de milicias disciplinadas de infanter\u00eda de Concepci\u00f3n (1777-1817)"},"content":{"rendered":"","protected":false},"excerpt":{"rendered":"<p>Angelo Castro Guerrero<br \/>El presente art\u00edculo tiene como fin estudiar al Batall\u00f3n de Milicias de Infanter\u00eda Disciplinadas de Concepci\u00f3n, conformado en el marco de las Reformas Borb\u00f3nicas para Am\u00e9rica y Chile en general, analizando el rol que tendr\u00eda en las postrimer\u00edas del siglo XVIII y las primeras d\u00e9cadas del XIX&#8230;<\/p>\n","protected":false},"author":1,"featured_media":9071,"comment_status":"open","ping_status":"open","sticky":false,"template":"","format":"standard","meta":{"footnotes":""},"categories":[20],"tags":[],"class_list":["post-7365","post","type-post","status-publish","format-standard","has-post-thumbnail","hentry","category-perspectivas-de-historia"],"_links":{"self":[{"href":"https:\/\/www.academiahistoriamilitar.cl\/academia\/wp-json\/wp\/v2\/posts\/7365","targetHints":{"allow":["GET"]}}],"collection":[{"href":"https:\/\/www.academiahistoriamilitar.cl\/academia\/wp-json\/wp\/v2\/posts"}],"about":[{"href":"https:\/\/www.academiahistoriamilitar.cl\/academia\/wp-json\/wp\/v2\/types\/post"}],"author":[{"embeddable":true,"href":"https:\/\/www.academiahistoriamilitar.cl\/academia\/wp-json\/wp\/v2\/users\/1"}],"replies":[{"embeddable":true,"href":"https:\/\/www.academiahistoriamilitar.cl\/academia\/wp-json\/wp\/v2\/comments?post=7365"}],"version-history":[{"count":2,"href":"https:\/\/www.academiahistoriamilitar.cl\/academia\/wp-json\/wp\/v2\/posts\/7365\/revisions"}],"predecessor-version":[{"id":7367,"href":"https:\/\/www.academiahistoriamilitar.cl\/academia\/wp-json\/wp\/v2\/posts\/7365\/revisions\/7367"}],"wp:featuredmedia":[{"embeddable":true,"href":"https:\/\/www.academiahistoriamilitar.cl\/academia\/wp-json\/wp\/v2\/media\/9071"}],"wp:attachment":[{"href":"https:\/\/www.academiahistoriamilitar.cl\/academia\/wp-json\/wp\/v2\/media?parent=7365"}],"wp:term":[{"taxonomy":"category","embeddable":true,"href":"https:\/\/www.academiahistoriamilitar.cl\/academia\/wp-json\/wp\/v2\/categories?post=7365"},{"taxonomy":"post_tag","embeddable":true,"href":"https:\/\/www.academiahistoriamilitar.cl\/academia\/wp-json\/wp\/v2\/tags?post=7365"}],"curies":[{"name":"wp","href":"https:\/\/api.w.org\/{rel}","templated":true}]}}