{"id":7357,"date":"2020-09-25T17:03:12","date_gmt":"2020-09-25T17:03:12","guid":{"rendered":"http:\/\/www.academiahistoriamilitar.cl\/academia\/?p=7357"},"modified":"2020-09-25T17:31:40","modified_gmt":"2020-09-25T17:31:40","slug":"tarpellanca-una-tragedia-olvidada","status":"publish","type":"post","link":"https:\/\/www.academiahistoriamilitar.cl\/academia\/tarpellanca-una-tragedia-olvidada\/","title":{"rendered":"Tarpellanca, una tragedia olvidada"},"content":{"rendered":"\n<p>Se\u00f1or Director: <\/p>\n\n\n\n<p>Mientras en el Chile central se celebraba la partida de la Expedici\u00f3n Libertadora\ndel Per\u00fa, en la provincia de Concepci\u00f3n se desarrollaban cruentos combates\nentre patriotas y realistas, dentro de un per\u00edodo que Vicu\u00f1a Mackenna denomin\u00f3\nde \u201cguerra a muerte\u201d. El 26 de septiembre se cumplen doscientos a\u00f1os de uno de\nsus episodios m\u00e1s tr\u00e1gicos.<\/p>\n\n\n\n<p>El viejo mariscal Pedro Andr\u00e9s del Alc\u00e1zar, comandante de la alta\nfrontera, al saber que la villa de Los \u00c1ngeles iba a ser atacada por fuerzas\nrealistas muy superiores, mandadas por Vicente Benavides, dispuso que toda la\npoblaci\u00f3n evacuara la ciudad. Se form\u00f3 as\u00ed una penosa caravana de familias\nangelinas, incluyendo a mujeres y ni\u00f1os, que iban protegidas por exiguas tropas\npatriotas.<\/p>\n\n\n\n<p>Cruzando el r\u00edo Laja por el vado de Tarpellanca, la columna fue\nsorprendida por un gran contingente de fuerzas enemigas. Alc\u00e1zar decidi\u00f3\ndefenderse en una isla del vado y all\u00ed resistieron todo el d\u00eda 26 de\nseptiembre, hasta que, al d\u00eda siguiente, agotadas las municiones resolvi\u00f3\npactar con Benavides. Los oficiales se entregar\u00edan en calidad de prisioneros, a\ncambio de la libertad de los soldados y de los civiles. Benavides acogi\u00f3 la\noferta, recibi\u00f3 a los oficiales \u2013varios veteranos de Maipo- y al d\u00eda siguiente,\nen presencia de Alc\u00e1zar, a lanzazos los hizo matar, mientras se agred\u00eda con crueldad\na las familias del Los \u00c1ngeles. Finalmente, despu\u00e9s de someterlo a penosas\ntorturas, orden\u00f3 ultimar al septuagenario &nbsp;mariscal, reliquia viviente de las guerras de\nChile por su libertad. Era la espantosa \u201cguerra a muerte\u201d, y Los \u00c1ngeles la\nsent\u00eda en carne propia.<\/p>\n\n\n\n<p>Gral. (R) Marcos L\u00f3pez Ardiles<\/p>\n","protected":false},"excerpt":{"rendered":"<p>Se\u00f1or Director: Mientras en el Chile central se celebraba la partida de la<span class=\"excerpt-hellip\"> [\u2026]<\/span><\/p>\n","protected":false},"author":1,"featured_media":7359,"comment_status":"open","ping_status":"open","sticky":false,"template":"","format":"standard","meta":{"footnotes":""},"categories":[10],"tags":[],"class_list":["post-7357","post","type-post","status-publish","format-standard","has-post-thumbnail","hentry","category-noticias"],"_links":{"self":[{"href":"https:\/\/www.academiahistoriamilitar.cl\/academia\/wp-json\/wp\/v2\/posts\/7357","targetHints":{"allow":["GET"]}}],"collection":[{"href":"https:\/\/www.academiahistoriamilitar.cl\/academia\/wp-json\/wp\/v2\/posts"}],"about":[{"href":"https:\/\/www.academiahistoriamilitar.cl\/academia\/wp-json\/wp\/v2\/types\/post"}],"author":[{"embeddable":true,"href":"https:\/\/www.academiahistoriamilitar.cl\/academia\/wp-json\/wp\/v2\/users\/1"}],"replies":[{"embeddable":true,"href":"https:\/\/www.academiahistoriamilitar.cl\/academia\/wp-json\/wp\/v2\/comments?post=7357"}],"version-history":[{"count":3,"href":"https:\/\/www.academiahistoriamilitar.cl\/academia\/wp-json\/wp\/v2\/posts\/7357\/revisions"}],"predecessor-version":[{"id":7379,"href":"https:\/\/www.academiahistoriamilitar.cl\/academia\/wp-json\/wp\/v2\/posts\/7357\/revisions\/7379"}],"wp:featuredmedia":[{"embeddable":true,"href":"https:\/\/www.academiahistoriamilitar.cl\/academia\/wp-json\/wp\/v2\/media\/7359"}],"wp:attachment":[{"href":"https:\/\/www.academiahistoriamilitar.cl\/academia\/wp-json\/wp\/v2\/media?parent=7357"}],"wp:term":[{"taxonomy":"category","embeddable":true,"href":"https:\/\/www.academiahistoriamilitar.cl\/academia\/wp-json\/wp\/v2\/categories?post=7357"},{"taxonomy":"post_tag","embeddable":true,"href":"https:\/\/www.academiahistoriamilitar.cl\/academia\/wp-json\/wp\/v2\/tags?post=7357"}],"curies":[{"name":"wp","href":"https:\/\/api.w.org\/{rel}","templated":true}]}}