{"id":7326,"date":"2020-09-04T15:24:10","date_gmt":"2020-09-04T15:24:10","guid":{"rendered":"http:\/\/www.academiahistoriamilitar.cl\/academia\/?p=7326"},"modified":"2020-09-04T15:24:12","modified_gmt":"2020-09-04T15:24:12","slug":"septiembre-mes-para-recordar-a-las-soldados-chilenas","status":"publish","type":"post","link":"https:\/\/www.academiahistoriamilitar.cl\/academia\/septiembre-mes-para-recordar-a-las-soldados-chilenas\/","title":{"rendered":"Septiembre: mes para recordar a las soldados chilenas"},"content":{"rendered":"","protected":false},"excerpt":{"rendered":"<p>Hoy en d\u00eda la figura femenina en el Ej\u00e9rcito de Chile est\u00e1 presente en pr\u00e1cticamente todas las actividades de la instituci\u00f3n, pues es una nueva realidad social que la mujer exija participar y ser considerada por sus m\u00e9ritos en actividades que han estado vinculadas&#8230;<\/p>\n","protected":false},"author":1,"featured_media":7325,"comment_status":"open","ping_status":"open","sticky":false,"template":"","format":"standard","meta":{"footnotes":""},"categories":[17],"tags":[],"class_list":["post-7326","post","type-post","status-publish","format-standard","has-post-thumbnail","hentry","category-columnas-de-opinion"],"_links":{"self":[{"href":"https:\/\/www.academiahistoriamilitar.cl\/academia\/wp-json\/wp\/v2\/posts\/7326","targetHints":{"allow":["GET"]}}],"collection":[{"href":"https:\/\/www.academiahistoriamilitar.cl\/academia\/wp-json\/wp\/v2\/posts"}],"about":[{"href":"https:\/\/www.academiahistoriamilitar.cl\/academia\/wp-json\/wp\/v2\/types\/post"}],"author":[{"embeddable":true,"href":"https:\/\/www.academiahistoriamilitar.cl\/academia\/wp-json\/wp\/v2\/users\/1"}],"replies":[{"embeddable":true,"href":"https:\/\/www.academiahistoriamilitar.cl\/academia\/wp-json\/wp\/v2\/comments?post=7326"}],"version-history":[{"count":2,"href":"https:\/\/www.academiahistoriamilitar.cl\/academia\/wp-json\/wp\/v2\/posts\/7326\/revisions"}],"predecessor-version":[{"id":7328,"href":"https:\/\/www.academiahistoriamilitar.cl\/academia\/wp-json\/wp\/v2\/posts\/7326\/revisions\/7328"}],"wp:featuredmedia":[{"embeddable":true,"href":"https:\/\/www.academiahistoriamilitar.cl\/academia\/wp-json\/wp\/v2\/media\/7325"}],"wp:attachment":[{"href":"https:\/\/www.academiahistoriamilitar.cl\/academia\/wp-json\/wp\/v2\/media?parent=7326"}],"wp:term":[{"taxonomy":"category","embeddable":true,"href":"https:\/\/www.academiahistoriamilitar.cl\/academia\/wp-json\/wp\/v2\/categories?post=7326"},{"taxonomy":"post_tag","embeddable":true,"href":"https:\/\/www.academiahistoriamilitar.cl\/academia\/wp-json\/wp\/v2\/tags?post=7326"}],"curies":[{"name":"wp","href":"https:\/\/api.w.org\/{rel}","templated":true}]}}