{"id":7027,"date":"2020-06-16T13:48:52","date_gmt":"2020-06-16T13:48:52","guid":{"rendered":"http:\/\/www.academiahistoriamilitar.cl\/academia\/?p=7027"},"modified":"2024-04-21T17:21:40","modified_gmt":"2024-04-21T17:21:40","slug":"la-batalla-de-loncomilla-de-la-guerra-civil-de-1851-la-participacion-de-manuel-baquedano-gonzalez","status":"publish","type":"post","link":"https:\/\/www.academiahistoriamilitar.cl\/academia\/la-batalla-de-loncomilla-de-la-guerra-civil-de-1851-la-participacion-de-manuel-baquedano-gonzalez\/","title":{"rendered":"La batalla de Loncomilla  de la guerra civil de 1851: La participaci\u00f3n de  Manuel Baquedano Gonz\u00e1lez"},"content":{"rendered":"","protected":false},"excerpt":{"rendered":"<p>La batalla de Loncomilla ganada por el ej\u00e9rcito gobiernista, fortaleci\u00f3 al recientemente electo gobierno del presidente Manuel Montt Torres al poner t\u00e9rmino militar en su favor a la Guerra Civil de 1851. Ahora bien, esta batalla resulta ser de las primeras de Manuel Baquedano Gonz\u00e1lez, a la saz\u00f3n&#8230;<\/p>\n","protected":false},"author":1,"featured_media":9076,"comment_status":"open","ping_status":"open","sticky":false,"template":"","format":"standard","meta":{"footnotes":""},"categories":[20],"tags":[],"class_list":["post-7027","post","type-post","status-publish","format-standard","has-post-thumbnail","hentry","category-perspectivas-de-historia"],"_links":{"self":[{"href":"https:\/\/www.academiahistoriamilitar.cl\/academia\/wp-json\/wp\/v2\/posts\/7027","targetHints":{"allow":["GET"]}}],"collection":[{"href":"https:\/\/www.academiahistoriamilitar.cl\/academia\/wp-json\/wp\/v2\/posts"}],"about":[{"href":"https:\/\/www.academiahistoriamilitar.cl\/academia\/wp-json\/wp\/v2\/types\/post"}],"author":[{"embeddable":true,"href":"https:\/\/www.academiahistoriamilitar.cl\/academia\/wp-json\/wp\/v2\/users\/1"}],"replies":[{"embeddable":true,"href":"https:\/\/www.academiahistoriamilitar.cl\/academia\/wp-json\/wp\/v2\/comments?post=7027"}],"version-history":[{"count":5,"href":"https:\/\/www.academiahistoriamilitar.cl\/academia\/wp-json\/wp\/v2\/posts\/7027\/revisions"}],"predecessor-version":[{"id":9077,"href":"https:\/\/www.academiahistoriamilitar.cl\/academia\/wp-json\/wp\/v2\/posts\/7027\/revisions\/9077"}],"wp:featuredmedia":[{"embeddable":true,"href":"https:\/\/www.academiahistoriamilitar.cl\/academia\/wp-json\/wp\/v2\/media\/9076"}],"wp:attachment":[{"href":"https:\/\/www.academiahistoriamilitar.cl\/academia\/wp-json\/wp\/v2\/media?parent=7027"}],"wp:term":[{"taxonomy":"category","embeddable":true,"href":"https:\/\/www.academiahistoriamilitar.cl\/academia\/wp-json\/wp\/v2\/categories?post=7027"},{"taxonomy":"post_tag","embeddable":true,"href":"https:\/\/www.academiahistoriamilitar.cl\/academia\/wp-json\/wp\/v2\/tags?post=7027"}],"curies":[{"name":"wp","href":"https:\/\/api.w.org\/{rel}","templated":true}]}}