{"id":6953,"date":"2020-04-24T15:43:55","date_gmt":"2020-04-24T15:43:55","guid":{"rendered":"http:\/\/www.academiahistoriamilitar.cl\/academia\/?p=6953"},"modified":"2024-04-21T20:01:52","modified_gmt":"2024-04-21T20:01:52","slug":"el-acuerdo-de-charana-bajo-el-fantasma-de-la-guerra","status":"publish","type":"post","link":"https:\/\/www.academiahistoriamilitar.cl\/academia\/el-acuerdo-de-charana-bajo-el-fantasma-de-la-guerra\/","title":{"rendered":"El acuerdo de Chara\u00f1a bajo el fantasma de la guerra"},"content":{"rendered":"","protected":false},"excerpt":{"rendered":"<p>Hace 45 a\u00f1os y en un lapso de seis meses, se producen dos episodios important\u00edsimos. En primer lugar, la reuni\u00f3n sostenida en la localidad de Chara\u00f1a el d\u00eda 8 de febrero de 1975, entre los generales Augusto Pinochet y Hugo Banzer, dando inicio a lo que es&#8230;<\/p>\n","protected":false},"author":1,"featured_media":9078,"comment_status":"open","ping_status":"open","sticky":false,"template":"","format":"standard","meta":{"footnotes":""},"categories":[20],"tags":[],"class_list":["post-6953","post","type-post","status-publish","format-standard","has-post-thumbnail","hentry","category-perspectivas-de-historia"],"_links":{"self":[{"href":"https:\/\/www.academiahistoriamilitar.cl\/academia\/wp-json\/wp\/v2\/posts\/6953","targetHints":{"allow":["GET"]}}],"collection":[{"href":"https:\/\/www.academiahistoriamilitar.cl\/academia\/wp-json\/wp\/v2\/posts"}],"about":[{"href":"https:\/\/www.academiahistoriamilitar.cl\/academia\/wp-json\/wp\/v2\/types\/post"}],"author":[{"embeddable":true,"href":"https:\/\/www.academiahistoriamilitar.cl\/academia\/wp-json\/wp\/v2\/users\/1"}],"replies":[{"embeddable":true,"href":"https:\/\/www.academiahistoriamilitar.cl\/academia\/wp-json\/wp\/v2\/comments?post=6953"}],"version-history":[{"count":3,"href":"https:\/\/www.academiahistoriamilitar.cl\/academia\/wp-json\/wp\/v2\/posts\/6953\/revisions"}],"predecessor-version":[{"id":9079,"href":"https:\/\/www.academiahistoriamilitar.cl\/academia\/wp-json\/wp\/v2\/posts\/6953\/revisions\/9079"}],"wp:featuredmedia":[{"embeddable":true,"href":"https:\/\/www.academiahistoriamilitar.cl\/academia\/wp-json\/wp\/v2\/media\/9078"}],"wp:attachment":[{"href":"https:\/\/www.academiahistoriamilitar.cl\/academia\/wp-json\/wp\/v2\/media?parent=6953"}],"wp:term":[{"taxonomy":"category","embeddable":true,"href":"https:\/\/www.academiahistoriamilitar.cl\/academia\/wp-json\/wp\/v2\/categories?post=6953"},{"taxonomy":"post_tag","embeddable":true,"href":"https:\/\/www.academiahistoriamilitar.cl\/academia\/wp-json\/wp\/v2\/tags?post=6953"}],"curies":[{"name":"wp","href":"https:\/\/api.w.org\/{rel}","templated":true}]}}