{"id":6807,"date":"2019-12-02T17:48:52","date_gmt":"2019-12-02T17:48:52","guid":{"rendered":"http:\/\/www.academiahistoriamilitar.cl\/academia\/?p=6807"},"modified":"2024-04-21T20:08:14","modified_gmt":"2024-04-21T20:08:14","slug":"la-movilizacion-de-1975","status":"publish","type":"post","link":"https:\/\/www.academiahistoriamilitar.cl\/academia\/la-movilizacion-de-1975\/","title":{"rendered":"La Movilizaci\u00f3n de 1975"},"content":{"rendered":"","protected":false},"excerpt":{"rendered":"<p>Chile, en su devenir hist\u00f3rico, ha tenido momentos en los que frente a pretensiones externas sobre zonas geoestrat\u00e9gicas del territorio, tuvo que acudir a la movilizaci\u00f3n militar, a la creaci\u00f3n de nuevas unidades, a los traslados de \u00e9stas a las zonas extremas del pa\u00eds, y a incrementar en forma urgente el gasto en defensa.<\/p>\n","protected":false},"author":1,"featured_media":9082,"comment_status":"open","ping_status":"open","sticky":false,"template":"","format":"standard","meta":{"footnotes":""},"categories":[20],"tags":[],"class_list":["post-6807","post","type-post","status-publish","format-standard","has-post-thumbnail","hentry","category-perspectivas-de-historia"],"_links":{"self":[{"href":"https:\/\/www.academiahistoriamilitar.cl\/academia\/wp-json\/wp\/v2\/posts\/6807","targetHints":{"allow":["GET"]}}],"collection":[{"href":"https:\/\/www.academiahistoriamilitar.cl\/academia\/wp-json\/wp\/v2\/posts"}],"about":[{"href":"https:\/\/www.academiahistoriamilitar.cl\/academia\/wp-json\/wp\/v2\/types\/post"}],"author":[{"embeddable":true,"href":"https:\/\/www.academiahistoriamilitar.cl\/academia\/wp-json\/wp\/v2\/users\/1"}],"replies":[{"embeddable":true,"href":"https:\/\/www.academiahistoriamilitar.cl\/academia\/wp-json\/wp\/v2\/comments?post=6807"}],"version-history":[{"count":3,"href":"https:\/\/www.academiahistoriamilitar.cl\/academia\/wp-json\/wp\/v2\/posts\/6807\/revisions"}],"predecessor-version":[{"id":9083,"href":"https:\/\/www.academiahistoriamilitar.cl\/academia\/wp-json\/wp\/v2\/posts\/6807\/revisions\/9083"}],"wp:featuredmedia":[{"embeddable":true,"href":"https:\/\/www.academiahistoriamilitar.cl\/academia\/wp-json\/wp\/v2\/media\/9082"}],"wp:attachment":[{"href":"https:\/\/www.academiahistoriamilitar.cl\/academia\/wp-json\/wp\/v2\/media?parent=6807"}],"wp:term":[{"taxonomy":"category","embeddable":true,"href":"https:\/\/www.academiahistoriamilitar.cl\/academia\/wp-json\/wp\/v2\/categories?post=6807"},{"taxonomy":"post_tag","embeddable":true,"href":"https:\/\/www.academiahistoriamilitar.cl\/academia\/wp-json\/wp\/v2\/tags?post=6807"}],"curies":[{"name":"wp","href":"https:\/\/api.w.org\/{rel}","templated":true}]}}