{"id":64,"date":"1819-12-10T10:09:11","date_gmt":"1819-12-10T10:09:11","guid":{"rendered":""},"modified":"2018-10-12T15:31:04","modified_gmt":"2018-10-12T15:31:04","slug":"combate-de-el-avellano","status":"publish","type":"post","link":"https:\/\/www.academiahistoriamilitar.cl\/academia\/combate-de-el-avellano\/","title":{"rendered":"COMBATE DE EL AVELLANO"},"content":{"rendered":"<p>10 de diciembre de 1819.<\/p>\n<p>Coronel Manuel de Alc\u00e1zar derrota al montonero Pedro S\u00e1nchez que era apoyado por el toqui Francisco Marilu\u00e1n.<\/p>\n<p>*SE TRABAJA EN UNA RESE\u00d1A M\u00c1S EXTENSA*<\/p>\n","protected":false},"excerpt":{"rendered":"<p>10 de diciembre de 1819. Coronel Manuel de Alc\u00e1zar derrota al montonero Pedro<span class=\"excerpt-hellip\"> [\u2026]<\/span><\/p>\n","protected":false},"author":1,"featured_media":4419,"comment_status":"open","ping_status":"open","sticky":false,"template":"","format":"standard","meta":{"footnotes":""},"categories":[14],"tags":[29],"class_list":["post-64","post","type-post","status-publish","format-standard","has-post-thumbnail","hentry","category-efemerides","tag-diciembre"],"_links":{"self":[{"href":"https:\/\/www.academiahistoriamilitar.cl\/academia\/wp-json\/wp\/v2\/posts\/64","targetHints":{"allow":["GET"]}}],"collection":[{"href":"https:\/\/www.academiahistoriamilitar.cl\/academia\/wp-json\/wp\/v2\/posts"}],"about":[{"href":"https:\/\/www.academiahistoriamilitar.cl\/academia\/wp-json\/wp\/v2\/types\/post"}],"author":[{"embeddable":true,"href":"https:\/\/www.academiahistoriamilitar.cl\/academia\/wp-json\/wp\/v2\/users\/1"}],"replies":[{"embeddable":true,"href":"https:\/\/www.academiahistoriamilitar.cl\/academia\/wp-json\/wp\/v2\/comments?post=64"}],"version-history":[{"count":1,"href":"https:\/\/www.academiahistoriamilitar.cl\/academia\/wp-json\/wp\/v2\/posts\/64\/revisions"}],"predecessor-version":[{"id":6045,"href":"https:\/\/www.academiahistoriamilitar.cl\/academia\/wp-json\/wp\/v2\/posts\/64\/revisions\/6045"}],"wp:featuredmedia":[{"embeddable":true,"href":"https:\/\/www.academiahistoriamilitar.cl\/academia\/wp-json\/wp\/v2\/media\/4419"}],"wp:attachment":[{"href":"https:\/\/www.academiahistoriamilitar.cl\/academia\/wp-json\/wp\/v2\/media?parent=64"}],"wp:term":[{"taxonomy":"category","embeddable":true,"href":"https:\/\/www.academiahistoriamilitar.cl\/academia\/wp-json\/wp\/v2\/categories?post=64"},{"taxonomy":"post_tag","embeddable":true,"href":"https:\/\/www.academiahistoriamilitar.cl\/academia\/wp-json\/wp\/v2\/tags?post=64"}],"curies":[{"name":"wp","href":"https:\/\/api.w.org\/{rel}","templated":true}]}}