{"id":6382,"date":"2019-03-21T12:38:33","date_gmt":"2019-03-21T12:38:33","guid":{"rendered":"http:\/\/www.academiahistoriamilitar.cl\/academia\/?p=6382"},"modified":"2024-04-22T22:00:56","modified_gmt":"2024-04-22T22:00:56","slug":"la-educacion-en-el-ejercito-una-mirada-historica","status":"publish","type":"post","link":"https:\/\/www.academiahistoriamilitar.cl\/academia\/la-educacion-en-el-ejercito-una-mirada-historica\/","title":{"rendered":"La educaci\u00f3n en el Ej\u00e9rcito: Una mirada hist\u00f3rica"},"content":{"rendered":"","protected":false},"excerpt":{"rendered":"<p>El Ej\u00e9rcito de Chile ha buscado a lo largo de su historia y en la medida de sus posibilidades generar una sinergia entre la necesaria instrucci\u00f3n militar y la preparaci\u00f3n de ciudadanos que contribuyan al pa\u00eds. Para tales efectos, una vez alcanzados los objetivos de organizaci\u00f3n nacional, se estableci\u00f3&#8230;<\/p>\n","protected":false},"author":1,"featured_media":9107,"comment_status":"open","ping_status":"open","sticky":false,"template":"","format":"standard","meta":{"footnotes":""},"categories":[20],"tags":[],"class_list":["post-6382","post","type-post","status-publish","format-standard","has-post-thumbnail","hentry","category-perspectivas-de-historia"],"_links":{"self":[{"href":"https:\/\/www.academiahistoriamilitar.cl\/academia\/wp-json\/wp\/v2\/posts\/6382","targetHints":{"allow":["GET"]}}],"collection":[{"href":"https:\/\/www.academiahistoriamilitar.cl\/academia\/wp-json\/wp\/v2\/posts"}],"about":[{"href":"https:\/\/www.academiahistoriamilitar.cl\/academia\/wp-json\/wp\/v2\/types\/post"}],"author":[{"embeddable":true,"href":"https:\/\/www.academiahistoriamilitar.cl\/academia\/wp-json\/wp\/v2\/users\/1"}],"replies":[{"embeddable":true,"href":"https:\/\/www.academiahistoriamilitar.cl\/academia\/wp-json\/wp\/v2\/comments?post=6382"}],"version-history":[{"count":3,"href":"https:\/\/www.academiahistoriamilitar.cl\/academia\/wp-json\/wp\/v2\/posts\/6382\/revisions"}],"predecessor-version":[{"id":9108,"href":"https:\/\/www.academiahistoriamilitar.cl\/academia\/wp-json\/wp\/v2\/posts\/6382\/revisions\/9108"}],"wp:featuredmedia":[{"embeddable":true,"href":"https:\/\/www.academiahistoriamilitar.cl\/academia\/wp-json\/wp\/v2\/media\/9107"}],"wp:attachment":[{"href":"https:\/\/www.academiahistoriamilitar.cl\/academia\/wp-json\/wp\/v2\/media?parent=6382"}],"wp:term":[{"taxonomy":"category","embeddable":true,"href":"https:\/\/www.academiahistoriamilitar.cl\/academia\/wp-json\/wp\/v2\/categories?post=6382"},{"taxonomy":"post_tag","embeddable":true,"href":"https:\/\/www.academiahistoriamilitar.cl\/academia\/wp-json\/wp\/v2\/tags?post=6382"}],"curies":[{"name":"wp","href":"https:\/\/api.w.org\/{rel}","templated":true}]}}