{"id":5806,"date":"2018-08-31T15:02:58","date_gmt":"2018-08-31T15:02:58","guid":{"rendered":"http:\/\/www.academiahistoriamilitar.cl\/academia\/?p=5806"},"modified":"2024-04-22T22:14:13","modified_gmt":"2024-04-22T22:14:13","slug":"aspectos-economicos-del-periodo-de-ocupacion-1881-1884-3","status":"publish","type":"post","link":"https:\/\/www.academiahistoriamilitar.cl\/academia\/aspectos-economicos-del-periodo-de-ocupacion-1881-1884-3\/","title":{"rendered":"Aspectos Econ\u00f3micos del Per\u00edodo de Ocupaci\u00f3n de Lima. 1881 &#8211; 1884"},"content":{"rendered":"","protected":false},"excerpt":{"rendered":"<p>Este trabajo tiene como objetivo entregar al lector antecedentes relevantes del per\u00edodo de ocupaci\u00f3n de Lima entre 1881 y 1884. Esto, desde la perspectiva de la administraci\u00f3n financiera por parte del gobierno y del Ej\u00e9rcito de Chile, tanto del&#8230;<\/p>\n","protected":false},"author":1,"featured_media":9113,"comment_status":"open","ping_status":"open","sticky":false,"template":"","format":"standard","meta":{"footnotes":""},"categories":[20],"tags":[],"class_list":["post-5806","post","type-post","status-publish","format-standard","has-post-thumbnail","hentry","category-perspectivas-de-historia"],"_links":{"self":[{"href":"https:\/\/www.academiahistoriamilitar.cl\/academia\/wp-json\/wp\/v2\/posts\/5806","targetHints":{"allow":["GET"]}}],"collection":[{"href":"https:\/\/www.academiahistoriamilitar.cl\/academia\/wp-json\/wp\/v2\/posts"}],"about":[{"href":"https:\/\/www.academiahistoriamilitar.cl\/academia\/wp-json\/wp\/v2\/types\/post"}],"author":[{"embeddable":true,"href":"https:\/\/www.academiahistoriamilitar.cl\/academia\/wp-json\/wp\/v2\/users\/1"}],"replies":[{"embeddable":true,"href":"https:\/\/www.academiahistoriamilitar.cl\/academia\/wp-json\/wp\/v2\/comments?post=5806"}],"version-history":[{"count":5,"href":"https:\/\/www.academiahistoriamilitar.cl\/academia\/wp-json\/wp\/v2\/posts\/5806\/revisions"}],"predecessor-version":[{"id":9115,"href":"https:\/\/www.academiahistoriamilitar.cl\/academia\/wp-json\/wp\/v2\/posts\/5806\/revisions\/9115"}],"wp:featuredmedia":[{"embeddable":true,"href":"https:\/\/www.academiahistoriamilitar.cl\/academia\/wp-json\/wp\/v2\/media\/9113"}],"wp:attachment":[{"href":"https:\/\/www.academiahistoriamilitar.cl\/academia\/wp-json\/wp\/v2\/media?parent=5806"}],"wp:term":[{"taxonomy":"category","embeddable":true,"href":"https:\/\/www.academiahistoriamilitar.cl\/academia\/wp-json\/wp\/v2\/categories?post=5806"},{"taxonomy":"post_tag","embeddable":true,"href":"https:\/\/www.academiahistoriamilitar.cl\/academia\/wp-json\/wp\/v2\/tags?post=5806"}],"curies":[{"name":"wp","href":"https:\/\/api.w.org\/{rel}","templated":true}]}}