{"id":58,"date":"1879-11-27T09:10:41","date_gmt":"1879-11-27T09:10:41","guid":{"rendered":""},"modified":"2024-09-11T17:26:45","modified_gmt":"2024-09-11T17:26:45","slug":"batalla-de-tarapaca","status":"publish","type":"post","link":"https:\/\/www.academiahistoriamilitar.cl\/academia\/batalla-de-tarapaca\/","title":{"rendered":"BATALLA DE TARAPAC\u00c1"},"content":{"rendered":"\n\n\n<p><\/p>\n","protected":false},"excerpt":{"rendered":"<p>Este hecho de armas tuvo lugar despu\u00e9s de la acci\u00f3n de Dolores (denominada tambi\u00e9n como \u201cSan Francisco\u201d), en la cual las fuerzas chilenas hab\u00edan triunfado sobre los Aliados (peruanos y bolivianos). De hecho, esta anterior batalla hab\u00eda sido la de car\u00e1cter decisivo, en el contexto de la llamada \u201cCampa\u00f1a de Tarapac\u00e1.\u201d Lo que vino a continuaci\u00f3n fue efecto de la sorpresa y de la improvisaci\u00f3n.<\/p>\n","protected":false},"author":1,"featured_media":0,"comment_status":"open","ping_status":"open","sticky":false,"template":"","format":"standard","meta":{"footnotes":""},"categories":[14],"tags":[26],"class_list":["post-58","post","type-post","status-publish","format-standard","hentry","category-efemerides","tag-noviembre"],"_links":{"self":[{"href":"https:\/\/www.academiahistoriamilitar.cl\/academia\/wp-json\/wp\/v2\/posts\/58","targetHints":{"allow":["GET"]}}],"collection":[{"href":"https:\/\/www.academiahistoriamilitar.cl\/academia\/wp-json\/wp\/v2\/posts"}],"about":[{"href":"https:\/\/www.academiahistoriamilitar.cl\/academia\/wp-json\/wp\/v2\/types\/post"}],"author":[{"embeddable":true,"href":"https:\/\/www.academiahistoriamilitar.cl\/academia\/wp-json\/wp\/v2\/users\/1"}],"replies":[{"embeddable":true,"href":"https:\/\/www.academiahistoriamilitar.cl\/academia\/wp-json\/wp\/v2\/comments?post=58"}],"version-history":[{"count":3,"href":"https:\/\/www.academiahistoriamilitar.cl\/academia\/wp-json\/wp\/v2\/posts\/58\/revisions"}],"predecessor-version":[{"id":8185,"href":"https:\/\/www.academiahistoriamilitar.cl\/academia\/wp-json\/wp\/v2\/posts\/58\/revisions\/8185"}],"wp:attachment":[{"href":"https:\/\/www.academiahistoriamilitar.cl\/academia\/wp-json\/wp\/v2\/media?parent=58"}],"wp:term":[{"taxonomy":"category","embeddable":true,"href":"https:\/\/www.academiahistoriamilitar.cl\/academia\/wp-json\/wp\/v2\/categories?post=58"},{"taxonomy":"post_tag","embeddable":true,"href":"https:\/\/www.academiahistoriamilitar.cl\/academia\/wp-json\/wp\/v2\/tags?post=58"}],"curies":[{"name":"wp","href":"https:\/\/api.w.org\/{rel}","templated":true}]}}