{"id":56,"date":"1557-11-30T16:21:31","date_gmt":"1557-11-30T16:21:31","guid":{"rendered":""},"modified":"2018-12-03T10:42:28","modified_gmt":"2018-12-03T10:42:28","slug":"batalla-de-millarapue","status":"publish","type":"post","link":"https:\/\/www.academiahistoriamilitar.cl\/academia\/batalla-de-millarapue\/","title":{"rendered":"BATALLA DE MILLARAPUE"},"content":{"rendered":"<p>30 de noviembre de 1557<\/p>\n<p>Tras la muerte del gobernador Pedro de Valdivia en manos de los mapuches y, al enterarse de dicha noticia el Rey, este nombr\u00f3 como gobernador de Chile a Jer\u00f3nimo de Alderete, quien, mientras viajaba a su nueva gobernaci\u00f3n, falleci\u00f3 en el camino. En su reemplazo, el virrey del Per\u00fa, don Andr\u00e9s Hurtado de Mendoza, nombr\u00f3 a su hijo Garc\u00eda.<\/p>\n<p>La llegada de este nuevo gobernador trajo nuevos aires al territorio y energiz\u00f3 los alica\u00eddos \u00e1nimos de los conquistadores. Entre otras obras, Garc\u00eda Hurtado de Mendoza recorri\u00f3 todo el territorio, distribuy\u00f3 la tierra y refund\u00f3 la ciudad de Concepci\u00f3n, ordenando al mismo tiempo su repoblamiento. Los refuerzos llegados con este gobernador establecieron las intenciones espa\u00f1olas de permanecer en Chile. Esto, lejos de amilanar a los indios, solo contribuy\u00f3 a soliviantar sus \u00e1nimos.<\/p>\n<p>Mientras m\u00e1s Hurtado de Mendoza se internaba en ese territorio, m\u00e1s ofendidos se sent\u00edan los ind\u00edgenas y as\u00ed \u00e9stos le siguieron sus pasos, aguantando los abusos que suscitaba esa marcha. Tras una breve estad\u00eda en el fuerte de Andalic\u00e1n, Hurtado de Mendoza se traslada hasta el sitio de Millarapue, donde estableci\u00f3 campamento.<\/p>\n<p>El 30 de noviembre de 1557, cuando los espa\u00f1oles anunciaban la misa al toque de trompetas, los indios, que se contaban en m\u00e1s de ocho mil y al mando de Caupolic\u00e1n, atacaron el campamento desde tres flancos diferentes. La defensa espa\u00f1ola fue tenaz, organizada y precisa. La victoria favoreci\u00f3 a las armas de los espa\u00f1oles y los ind\u00edgenas se dispersaron por la regi\u00f3n, aunque no vencidos del todo.<\/p>\n<p><strong>NOTA<\/strong><\/p>\n<p>(1) Academia de Historia Militar. \u201cAtlas Hist\u00f3rico y Militar de Chile.\u201d Ediciones Academia de Historia Militar. 1\u00aa Edici\u00f3n. Santiago de Chile. pp. 29 \u2013 30.<\/p>\n<p>(2) En la imagen, don Garc\u00eda Hurtado de Mendoza.<\/p>\n","protected":false},"excerpt":{"rendered":"<p>30 de noviembre de 1557 Tras la muerte del gobernador Pedro de Valdivia<span class=\"excerpt-hellip\"> [\u2026]<\/span><\/p>\n","protected":false},"author":1,"featured_media":6215,"comment_status":"open","ping_status":"open","sticky":false,"template":"","format":"standard","meta":{"footnotes":""},"categories":[14],"tags":[26],"class_list":["post-56","post","type-post","status-publish","format-standard","has-post-thumbnail","hentry","category-efemerides","tag-noviembre"],"_links":{"self":[{"href":"https:\/\/www.academiahistoriamilitar.cl\/academia\/wp-json\/wp\/v2\/posts\/56","targetHints":{"allow":["GET"]}}],"collection":[{"href":"https:\/\/www.academiahistoriamilitar.cl\/academia\/wp-json\/wp\/v2\/posts"}],"about":[{"href":"https:\/\/www.academiahistoriamilitar.cl\/academia\/wp-json\/wp\/v2\/types\/post"}],"author":[{"embeddable":true,"href":"https:\/\/www.academiahistoriamilitar.cl\/academia\/wp-json\/wp\/v2\/users\/1"}],"replies":[{"embeddable":true,"href":"https:\/\/www.academiahistoriamilitar.cl\/academia\/wp-json\/wp\/v2\/comments?post=56"}],"version-history":[{"count":4,"href":"https:\/\/www.academiahistoriamilitar.cl\/academia\/wp-json\/wp\/v2\/posts\/56\/revisions"}],"predecessor-version":[{"id":6217,"href":"https:\/\/www.academiahistoriamilitar.cl\/academia\/wp-json\/wp\/v2\/posts\/56\/revisions\/6217"}],"wp:featuredmedia":[{"embeddable":true,"href":"https:\/\/www.academiahistoriamilitar.cl\/academia\/wp-json\/wp\/v2\/media\/6215"}],"wp:attachment":[{"href":"https:\/\/www.academiahistoriamilitar.cl\/academia\/wp-json\/wp\/v2\/media?parent=56"}],"wp:term":[{"taxonomy":"category","embeddable":true,"href":"https:\/\/www.academiahistoriamilitar.cl\/academia\/wp-json\/wp\/v2\/categories?post=56"},{"taxonomy":"post_tag","embeddable":true,"href":"https:\/\/www.academiahistoriamilitar.cl\/academia\/wp-json\/wp\/v2\/tags?post=56"}],"curies":[{"name":"wp","href":"https:\/\/api.w.org\/{rel}","templated":true}]}}