{"id":5029,"date":"2018-05-29T17:40:45","date_gmt":"2018-05-29T17:40:45","guid":{"rendered":"http:\/\/siddharta.cl\/pilotos\/ahm\/?p=5029"},"modified":"2018-07-09T14:54:42","modified_gmt":"2018-07-09T14:54:42","slug":"infografia-batalla-de-tacna","status":"publish","type":"post","link":"https:\/\/www.academiahistoriamilitar.cl\/academia\/infografia-batalla-de-tacna\/","title":{"rendered":"La Batalla de Tacna."},"content":{"rendered":"","protected":false},"excerpt":{"rendered":"<p>La batalla de Tacna constituye uno de los hechos de armas de mayor trascendencia de la Guerra del Pacifico. Se puede afirmar que ella produjo un antes y un despu\u00e9s en este largo conflicto, pues luego de su desenlace \u2013 favorable a las armas chilenas \u2013 puso fin a la participaci\u00f3n militar de Bolivia en la Guerra del Pac\u00edfico y tambi\u00e9n determin\u00f3 que se definiera a la capital peruana, Lima, como futuro objetivo pol\u00edtico \u2013 estrat\u00e9gico de Chile. <\/p>\n","protected":false},"author":1,"featured_media":5035,"comment_status":"open","ping_status":"open","sticky":false,"template":"","format":"standard","meta":{"footnotes":""},"categories":[19],"tags":[],"class_list":["post-5029","post","type-post","status-publish","format-standard","has-post-thumbnail","hentry","category-panoramas-de-historia"],"_links":{"self":[{"href":"https:\/\/www.academiahistoriamilitar.cl\/academia\/wp-json\/wp\/v2\/posts\/5029","targetHints":{"allow":["GET"]}}],"collection":[{"href":"https:\/\/www.academiahistoriamilitar.cl\/academia\/wp-json\/wp\/v2\/posts"}],"about":[{"href":"https:\/\/www.academiahistoriamilitar.cl\/academia\/wp-json\/wp\/v2\/types\/post"}],"author":[{"embeddable":true,"href":"https:\/\/www.academiahistoriamilitar.cl\/academia\/wp-json\/wp\/v2\/users\/1"}],"replies":[{"embeddable":true,"href":"https:\/\/www.academiahistoriamilitar.cl\/academia\/wp-json\/wp\/v2\/comments?post=5029"}],"version-history":[{"count":5,"href":"https:\/\/www.academiahistoriamilitar.cl\/academia\/wp-json\/wp\/v2\/posts\/5029\/revisions"}],"predecessor-version":[{"id":5327,"href":"https:\/\/www.academiahistoriamilitar.cl\/academia\/wp-json\/wp\/v2\/posts\/5029\/revisions\/5327"}],"wp:featuredmedia":[{"embeddable":true,"href":"https:\/\/www.academiahistoriamilitar.cl\/academia\/wp-json\/wp\/v2\/media\/5035"}],"wp:attachment":[{"href":"https:\/\/www.academiahistoriamilitar.cl\/academia\/wp-json\/wp\/v2\/media?parent=5029"}],"wp:term":[{"taxonomy":"category","embeddable":true,"href":"https:\/\/www.academiahistoriamilitar.cl\/academia\/wp-json\/wp\/v2\/categories?post=5029"},{"taxonomy":"post_tag","embeddable":true,"href":"https:\/\/www.academiahistoriamilitar.cl\/academia\/wp-json\/wp\/v2\/tags?post=5029"}],"curies":[{"name":"wp","href":"https:\/\/api.w.org\/{rel}","templated":true}]}}