{"id":48,"date":"1556-11-14T16:02:26","date_gmt":"1556-11-14T16:02:26","guid":{"rendered":""},"modified":"2018-10-12T14:37:42","modified_gmt":"2018-10-12T14:37:42","slug":"accion-de-mataquito","status":"publish","type":"post","link":"https:\/\/www.academiahistoriamilitar.cl\/academia\/accion-de-mataquito\/","title":{"rendered":"ACCI\u00d3N DE MATAQUITO"},"content":{"rendered":"<p>14 de Noviembre de 1556<\/p>\n<p>La primavera de aqu\u00e9l a\u00f1o fue intensa y llena de sucesos, que parecieron incrementarse a\u00fan m\u00e1s con la ausencia del corregidor Villagr\u00e1n de la capital. Desde el sur llegaban noticias que llenaban de temor y aprensi\u00f3n a quienes viv\u00edan en Santiago: Lautaro se movilizaba, y la intranquilidad que eso caus\u00f3 motiv\u00f3 incluso al Cabildo a tomar las precauciones del caso. Era poco probable que la capital volviera a ser asediada, pero de alguna manera deb\u00edan garantizar la seguridad de las estancias y el ganado que los vecinos ten\u00edan extra muros.<\/p>\n<p>Tras el asedio a las ciudades de Imperial y Concepci\u00f3n, y la calma que a eso le sigui\u00f3, Lautaro consider\u00f3 que hab\u00eda pasado un tiempo m\u00e1s que suficiente de calma y pronto comenz\u00f3 a reunir una fuerza capaz de inquietar a los espa\u00f1oles, a quienes cre\u00eda desmoralizados por las sucesivas derrotas del pasado invierno. De acuerdo a Barros Arana, el plan de Lautaro \u201cse reduc\u00eda a sacar de Arauco un cuerpo de guerreros, sublevar en su camino a los indios sometidos del Norte y caer, por fin, sobre Santiago, centro hasta entonces de los recursos del enemigo, donde tal vez esperaba hallar una resistencia s\u00f3lida.\u201d(1)<\/p>\n<p>Sin embargo no estuvo exento de problema, pues si bien reuni\u00f3 una numerosa hueste de ind\u00edgenas, no todos acudieron a su llamado. Al notar la proximidad del toqui, muchos huyeron y no pocos llegaron a Santiago, advirtiendo de su proximidad. En vista de estos avisos, el Cabildo de Santiago, haciendo uso de sus atribuciones en ausencia de las autoridades pertinentes y entre otras medidas, nombr\u00f3 al capit\u00e1n Diego Cano como caudillo de la capital, para protegerla de la eventual y temida invasi\u00f3n. El susodicho ten\u00eda una amplia experiencia haciendo enfrentado al enemigo que avanzaba sobre Santiago y parti\u00f3 en su defensa junto a una vanguardia de veinte jinetes a hacerles frente.<\/p>\n<p>Teniendo la noticia que Lautaro hab\u00eda levantado un campamento en el valle del r\u00edo Mataquito, el capit\u00e1n Cano fue al encuentro de \u00e9ste y tras cuatro d\u00edas de marcha, hacia el 14 de noviembre, se encontraron con su enemigo y se trabaron en combate sobre un terreno particularmente complicado para la caballer\u00eda (Lautaro lo hab\u00eda mandado a horadar ex profeso), que los oblig\u00f3 a luchar en condiciones muy adversas. \u201cLos espa\u00f1oles sufrieron la p\u00e9rdida de un hombre, y muchos de ellos salieron estropeados y heridos.\u201d(2)<\/p>\n<p>Bajo estas condiciones los espa\u00f1oles consideraron no poder sacar victoria alguna y decidieron retirarse antes de lamentar m\u00e1s bajas, ya hab\u00edan perdido a un hombre, dejando la victoria a los ind\u00edgenas. Los vencedores de este combate tomaron el cuerpo del ca\u00eddo y, de acuerdo a Barros Arana(3), lo desollaron y rellenaron de paja, para proceder a colgarlo de un \u00e1rbol.<\/p>\n<p>La ciudad de Santiago parec\u00eda, de este modo, quedar expuesta al peligro.<\/p>\n<p>Por<br \/>\nCarolina Herbstaedt M.<br \/>\nHistoriadora UAI<br \/>\nAcademia de Historia Militar.<\/p>\n<p>NOTAS AL PIE:<br \/>\n1. Barros Arana, Diego. \u201cHistoria General de Chile. Tomo Segundo.\u201d Editorial Nascimiento, 2\u00aa Edici\u00f3n. Santiago de Chile. 1930. p. 102<br \/>\n2. \u00cddem. p. 105<br \/>\n3. \u00cddem.<\/p>\n","protected":false},"excerpt":{"rendered":"<p>14 de Noviembre de 1556 La primavera de aqu\u00e9l a\u00f1o fue intensa y<span class=\"excerpt-hellip\"> [\u2026]<\/span><\/p>\n","protected":false},"author":1,"featured_media":4407,"comment_status":"open","ping_status":"open","sticky":false,"template":"","format":"standard","meta":{"footnotes":""},"categories":[14],"tags":[26],"class_list":["post-48","post","type-post","status-publish","format-standard","has-post-thumbnail","hentry","category-efemerides","tag-noviembre"],"_links":{"self":[{"href":"https:\/\/www.academiahistoriamilitar.cl\/academia\/wp-json\/wp\/v2\/posts\/48","targetHints":{"allow":["GET"]}}],"collection":[{"href":"https:\/\/www.academiahistoriamilitar.cl\/academia\/wp-json\/wp\/v2\/posts"}],"about":[{"href":"https:\/\/www.academiahistoriamilitar.cl\/academia\/wp-json\/wp\/v2\/types\/post"}],"author":[{"embeddable":true,"href":"https:\/\/www.academiahistoriamilitar.cl\/academia\/wp-json\/wp\/v2\/users\/1"}],"replies":[{"embeddable":true,"href":"https:\/\/www.academiahistoriamilitar.cl\/academia\/wp-json\/wp\/v2\/comments?post=48"}],"version-history":[{"count":2,"href":"https:\/\/www.academiahistoriamilitar.cl\/academia\/wp-json\/wp\/v2\/posts\/48\/revisions"}],"predecessor-version":[{"id":6037,"href":"https:\/\/www.academiahistoriamilitar.cl\/academia\/wp-json\/wp\/v2\/posts\/48\/revisions\/6037"}],"wp:featuredmedia":[{"embeddable":true,"href":"https:\/\/www.academiahistoriamilitar.cl\/academia\/wp-json\/wp\/v2\/media\/4407"}],"wp:attachment":[{"href":"https:\/\/www.academiahistoriamilitar.cl\/academia\/wp-json\/wp\/v2\/media?parent=48"}],"wp:term":[{"taxonomy":"category","embeddable":true,"href":"https:\/\/www.academiahistoriamilitar.cl\/academia\/wp-json\/wp\/v2\/categories?post=48"},{"taxonomy":"post_tag","embeddable":true,"href":"https:\/\/www.academiahistoriamilitar.cl\/academia\/wp-json\/wp\/v2\/tags?post=48"}],"curies":[{"name":"wp","href":"https:\/\/api.w.org\/{rel}","templated":true}]}}