{"id":4096,"date":"1826-01-14T12:08:31","date_gmt":"1826-01-14T12:08:31","guid":{"rendered":""},"modified":"2024-09-11T15:35:50","modified_gmt":"2024-09-11T15:35:50","slug":"combate-de-pudeto","status":"publish","type":"post","link":"https:\/\/www.academiahistoriamilitar.cl\/academia\/combate-de-pudeto\/","title":{"rendered":"COMBATE DE PUDETO"},"content":{"rendered":"","protected":false},"excerpt":{"rendered":"<p>En el contexto de la Segunda Campa\u00f1a de Liberaci\u00f3n de Chilo\u00e9 y en el mes de enero de 1826, en el d\u00eda 11 de este mes ca\u00eda una lluvia persistente que humedeci\u00f3 el armamento de la expedici\u00f3n chilena que estaba al mando del general Ram\u00f3n Freire y que se estaba acercando a la poblaci\u00f3n de San Carlos. El d\u00eda 13 de enero toda esta fuerza militar desembarcaba en la playa de Lechagua.<\/p>\n","protected":false},"author":1,"featured_media":0,"comment_status":"open","ping_status":"open","sticky":false,"template":"","format":"standard","meta":{"footnotes":""},"categories":[14],"tags":[35],"class_list":["post-4096","post","type-post","status-publish","format-standard","hentry","category-efemerides","tag-enero"],"_links":{"self":[{"href":"https:\/\/www.academiahistoriamilitar.cl\/academia\/wp-json\/wp\/v2\/posts\/4096","targetHints":{"allow":["GET"]}}],"collection":[{"href":"https:\/\/www.academiahistoriamilitar.cl\/academia\/wp-json\/wp\/v2\/posts"}],"about":[{"href":"https:\/\/www.academiahistoriamilitar.cl\/academia\/wp-json\/wp\/v2\/types\/post"}],"author":[{"embeddable":true,"href":"https:\/\/www.academiahistoriamilitar.cl\/academia\/wp-json\/wp\/v2\/users\/1"}],"replies":[{"embeddable":true,"href":"https:\/\/www.academiahistoriamilitar.cl\/academia\/wp-json\/wp\/v2\/comments?post=4096"}],"version-history":[{"count":3,"href":"https:\/\/www.academiahistoriamilitar.cl\/academia\/wp-json\/wp\/v2\/posts\/4096\/revisions"}],"predecessor-version":[{"id":8263,"href":"https:\/\/www.academiahistoriamilitar.cl\/academia\/wp-json\/wp\/v2\/posts\/4096\/revisions\/8263"}],"wp:attachment":[{"href":"https:\/\/www.academiahistoriamilitar.cl\/academia\/wp-json\/wp\/v2\/media?parent=4096"}],"wp:term":[{"taxonomy":"category","embeddable":true,"href":"https:\/\/www.academiahistoriamilitar.cl\/academia\/wp-json\/wp\/v2\/categories?post=4096"},{"taxonomy":"post_tag","embeddable":true,"href":"https:\/\/www.academiahistoriamilitar.cl\/academia\/wp-json\/wp\/v2\/tags?post=4096"}],"curies":[{"name":"wp","href":"https:\/\/api.w.org\/{rel}","templated":true}]}}