{"id":4095,"date":"1839-01-06T12:03:55","date_gmt":"1839-01-06T12:03:55","guid":{"rendered":""},"modified":"2024-09-11T16:56:04","modified_gmt":"2024-09-11T16:56:04","slug":"combate-del-puente-de-buin","status":"publish","type":"post","link":"https:\/\/www.academiahistoriamilitar.cl\/academia\/combate-del-puente-de-buin\/","title":{"rendered":"COMBATE DEL PUENTE DE BUIN"},"content":{"rendered":"","protected":false},"excerpt":{"rendered":"<p>En el contexto de la Guerra contra la Confederaci\u00f3n Peruano \u2013 Boliviana y a comienzos del a\u00f1o 1839, se supo en el Segundo Ej\u00e9rcito Restaurador, comandado por el general Manuel Bulnes, que el Ej\u00e9rcito Protectoral (al mando de Andr\u00e9s de Santa Cruz) se dirig\u00eda hacia Recuay&#8230;&#8230;<\/p>\n","protected":false},"author":1,"featured_media":4519,"comment_status":"open","ping_status":"open","sticky":false,"template":"","format":"standard","meta":{"footnotes":""},"categories":[14],"tags":[35],"class_list":["post-4095","post","type-post","status-publish","format-standard","has-post-thumbnail","hentry","category-efemerides","tag-enero"],"_links":{"self":[{"href":"https:\/\/www.academiahistoriamilitar.cl\/academia\/wp-json\/wp\/v2\/posts\/4095","targetHints":{"allow":["GET"]}}],"collection":[{"href":"https:\/\/www.academiahistoriamilitar.cl\/academia\/wp-json\/wp\/v2\/posts"}],"about":[{"href":"https:\/\/www.academiahistoriamilitar.cl\/academia\/wp-json\/wp\/v2\/types\/post"}],"author":[{"embeddable":true,"href":"https:\/\/www.academiahistoriamilitar.cl\/academia\/wp-json\/wp\/v2\/users\/1"}],"replies":[{"embeddable":true,"href":"https:\/\/www.academiahistoriamilitar.cl\/academia\/wp-json\/wp\/v2\/comments?post=4095"}],"version-history":[{"count":3,"href":"https:\/\/www.academiahistoriamilitar.cl\/academia\/wp-json\/wp\/v2\/posts\/4095\/revisions"}],"predecessor-version":[{"id":7878,"href":"https:\/\/www.academiahistoriamilitar.cl\/academia\/wp-json\/wp\/v2\/posts\/4095\/revisions\/7878"}],"wp:featuredmedia":[{"embeddable":true,"href":"https:\/\/www.academiahistoriamilitar.cl\/academia\/wp-json\/wp\/v2\/media\/4519"}],"wp:attachment":[{"href":"https:\/\/www.academiahistoriamilitar.cl\/academia\/wp-json\/wp\/v2\/media?parent=4095"}],"wp:term":[{"taxonomy":"category","embeddable":true,"href":"https:\/\/www.academiahistoriamilitar.cl\/academia\/wp-json\/wp\/v2\/categories?post=4095"},{"taxonomy":"post_tag","embeddable":true,"href":"https:\/\/www.academiahistoriamilitar.cl\/academia\/wp-json\/wp\/v2\/tags?post=4095"}],"curies":[{"name":"wp","href":"https:\/\/api.w.org\/{rel}","templated":true}]}}