{"id":4037,"date":"1882-07-13T16:10:21","date_gmt":"1882-07-13T16:10:21","guid":{"rendered":""},"modified":"2018-10-11T17:36:56","modified_gmt":"2018-10-11T17:36:56","slug":"combate-de-san-pablo","status":"publish","type":"post","link":"https:\/\/www.academiahistoriamilitar.cl\/academia\/combate-de-san-pablo\/","title":{"rendered":"COMBATE DE SAN PABLO"},"content":{"rendered":"<p>13 de julio de 1882<\/p>\n<p>El h\u00e9roe peruano del Morro del Solar, coronel Miguel Iglesias, donde se inmolara uno de sus hijos, volv\u00eda no obstante, a empu\u00f1ar las armas contra los chilenos en este combate. All\u00ed, junto con su hermano, el coronel Lorenzo Iglesias y unidades peruanas de las tres armas, atacaron a la guarnici\u00f3n chilena del batall\u00f3n \u201cConcepci\u00f3n\u201d, comandado por el sargento mayor Luis A. Saldes.<\/p>\n<p>Despu\u00e9s de dos horas de combate, contra fuerzas superiores, los chilenos consiguieron romper el cerco y replegarse hacia la costa, hasta el pueblo de Tembladera. Reforzados los chilenos, se retiraron las fuerzas de los hermanos Iglesias, que tuvieron \u201c200 bajas de tropa, un coronel y 10 oficiales, m\u00e1s todo el parque y ambulancia\u201d, reza el parte.<\/p>\n<p>Las bajas chilenas se estimaron en treinta y un (31) soldados y un oficial herido.<\/p>\n<p>San Pablo fue el \u00faltimo acto de guerra del general Miguel Iglesias contra fuerzas de ocupaci\u00f3n del ej\u00e9rcito chileno. Vendr\u00eda luego su famoso \u201cGrito de Montan\u201d preludio de la firma del Tratado de Anc\u00f3n, del 20 de octubre de 1883<\/p>\n<p>Por<br \/>\nGDD. Manuel Barros Recabarren<br \/>\nAcademia de Historia Militar<\/p>\n","protected":false},"excerpt":{"rendered":"<p>13 de julio de 1882 El h\u00e9roe peruano del Morro del Solar, coronel<span class=\"excerpt-hellip\"> [\u2026]<\/span><\/p>\n","protected":false},"author":1,"featured_media":4502,"comment_status":"open","ping_status":"open","sticky":false,"template":"","format":"standard","meta":{"footnotes":""},"categories":[14],"tags":[28],"class_list":["post-4037","post","type-post","status-publish","format-standard","has-post-thumbnail","hentry","category-efemerides","tag-julio"],"_links":{"self":[{"href":"https:\/\/www.academiahistoriamilitar.cl\/academia\/wp-json\/wp\/v2\/posts\/4037","targetHints":{"allow":["GET"]}}],"collection":[{"href":"https:\/\/www.academiahistoriamilitar.cl\/academia\/wp-json\/wp\/v2\/posts"}],"about":[{"href":"https:\/\/www.academiahistoriamilitar.cl\/academia\/wp-json\/wp\/v2\/types\/post"}],"author":[{"embeddable":true,"href":"https:\/\/www.academiahistoriamilitar.cl\/academia\/wp-json\/wp\/v2\/users\/1"}],"replies":[{"embeddable":true,"href":"https:\/\/www.academiahistoriamilitar.cl\/academia\/wp-json\/wp\/v2\/comments?post=4037"}],"version-history":[{"count":1,"href":"https:\/\/www.academiahistoriamilitar.cl\/academia\/wp-json\/wp\/v2\/posts\/4037\/revisions"}],"predecessor-version":[{"id":5974,"href":"https:\/\/www.academiahistoriamilitar.cl\/academia\/wp-json\/wp\/v2\/posts\/4037\/revisions\/5974"}],"wp:featuredmedia":[{"embeddable":true,"href":"https:\/\/www.academiahistoriamilitar.cl\/academia\/wp-json\/wp\/v2\/media\/4502"}],"wp:attachment":[{"href":"https:\/\/www.academiahistoriamilitar.cl\/academia\/wp-json\/wp\/v2\/media?parent=4037"}],"wp:term":[{"taxonomy":"category","embeddable":true,"href":"https:\/\/www.academiahistoriamilitar.cl\/academia\/wp-json\/wp\/v2\/categories?post=4037"},{"taxonomy":"post_tag","embeddable":true,"href":"https:\/\/www.academiahistoriamilitar.cl\/academia\/wp-json\/wp\/v2\/tags?post=4037"}],"curies":[{"name":"wp","href":"https:\/\/api.w.org\/{rel}","templated":true}]}}