{"id":3926,"date":"1578-12-18T11:25:11","date_gmt":"1578-12-18T11:25:11","guid":{"rendered":""},"modified":"2018-10-12T13:50:27","modified_gmt":"2018-10-12T13:50:27","slug":"ataque-de-francis-drake-a-la-serena","status":"publish","type":"post","link":"https:\/\/www.academiahistoriamilitar.cl\/academia\/ataque-de-francis-drake-a-la-serena\/","title":{"rendered":"ATAQUE DE FRANCIS DRAKE A LA SERENA"},"content":{"rendered":"<p>18 de diciembre de 1578<\/p>\n<p>*En la imagen, Sir Francis Drake retratado por Marcus Gheeraerts el Joven, c.1590*<\/p>\n<p>Francis Drake, marino al servicio de la Corona inglesa, fue uno de los m\u00e1s famosos corsarios del mundo durante siglo XVI. Realiz\u00f3 numerosas exploraciones en los oc\u00e9anos Atl\u00e1ntico y Pac\u00edfico, incluyendo en este \u00faltimo a las costas de Chile. En uno de sus viajes hab\u00eda logrado cruzar el estrecho de Magallanes y naveg\u00f3 hacia el norte, a lo largo de la costa. Se detuvo en la isla Mocha, donde pudo aprovisionarse, pero donde tambi\u00e9n sostuvo encuentros con los ind\u00edgenas de la regi\u00f3n; luego pas\u00f3 por Valpara\u00edso, donde se apoder\u00f3 de una nave y logr\u00f3 reunir m\u00e1s v\u00edveres.<\/p>\n<p>En diciembre del a\u00f1o 1578 se acerc\u00f3 a las costas de Coquimbo, pero ya los vecinos de La Serena hab\u00edan sido advertidos de la presencia del corsario ingl\u00e9s, por lo cual formaron una columna de infanter\u00eda y caballer\u00eda, la cual sali\u00f3 hacia la playa a enfrentar a los enemigos. Debido a la presencia de esas tropas, los ingleses, que hab\u00edan desembarcado, prefirieron no entablar combate y se dispersaron por entre las rocas de la costa; s\u00f3lo uno de ellos opt\u00f3 por permanecer en tierra, lo que provoc\u00f3 que fuera aniquilado por los espa\u00f1oles. Drake anduvo por las costas del norte de Chile hasta el mes de enero de 1579, pasando luego hacia Per\u00fa. (1)<\/p>\n<p>NOTA AL PIE:<br \/>\n1. Diego Barros Arana, Historia General de Chile. Tomo II. Santiago, Editorial Nascimento, segunda edici\u00f3n, 1930, p\u00e1ginas 499 \u2013 505.<\/p>\n<p>Por<br \/>\nEduardo Arriagada A.<br \/>\nHistoriador PUC.<br \/>\nMag\u00edster en Historia Militar y Pensamiento Estrat\u00e9gico.<\/p>\n","protected":false},"excerpt":{"rendered":"<p>18 de diciembre de 1578 *En la imagen, Sir Francis Drake retratado por<span class=\"excerpt-hellip\"> [\u2026]<\/span><\/p>\n","protected":false},"author":1,"featured_media":4478,"comment_status":"open","ping_status":"open","sticky":false,"template":"","format":"standard","meta":{"footnotes":""},"categories":[14],"tags":[29],"class_list":["post-3926","post","type-post","status-publish","format-standard","has-post-thumbnail","hentry","category-efemerides","tag-diciembre"],"_links":{"self":[{"href":"https:\/\/www.academiahistoriamilitar.cl\/academia\/wp-json\/wp\/v2\/posts\/3926","targetHints":{"allow":["GET"]}}],"collection":[{"href":"https:\/\/www.academiahistoriamilitar.cl\/academia\/wp-json\/wp\/v2\/posts"}],"about":[{"href":"https:\/\/www.academiahistoriamilitar.cl\/academia\/wp-json\/wp\/v2\/types\/post"}],"author":[{"embeddable":true,"href":"https:\/\/www.academiahistoriamilitar.cl\/academia\/wp-json\/wp\/v2\/users\/1"}],"replies":[{"embeddable":true,"href":"https:\/\/www.academiahistoriamilitar.cl\/academia\/wp-json\/wp\/v2\/comments?post=3926"}],"version-history":[{"count":1,"href":"https:\/\/www.academiahistoriamilitar.cl\/academia\/wp-json\/wp\/v2\/posts\/3926\/revisions"}],"predecessor-version":[{"id":5021,"href":"https:\/\/www.academiahistoriamilitar.cl\/academia\/wp-json\/wp\/v2\/posts\/3926\/revisions\/5021"}],"wp:featuredmedia":[{"embeddable":true,"href":"https:\/\/www.academiahistoriamilitar.cl\/academia\/wp-json\/wp\/v2\/media\/4478"}],"wp:attachment":[{"href":"https:\/\/www.academiahistoriamilitar.cl\/academia\/wp-json\/wp\/v2\/media?parent=3926"}],"wp:term":[{"taxonomy":"category","embeddable":true,"href":"https:\/\/www.academiahistoriamilitar.cl\/academia\/wp-json\/wp\/v2\/categories?post=3926"},{"taxonomy":"post_tag","embeddable":true,"href":"https:\/\/www.academiahistoriamilitar.cl\/academia\/wp-json\/wp\/v2\/tags?post=3926"}],"curies":[{"name":"wp","href":"https:\/\/api.w.org\/{rel}","templated":true}]}}