{"id":171,"date":"1598-12-25T11:20:01","date_gmt":"1598-12-25T11:20:01","guid":{"rendered":""},"modified":"2020-11-02T19:17:48","modified_gmt":"2020-11-02T19:17:48","slug":"desastre-de-curalaba","status":"publish","type":"post","link":"https:\/\/www.academiahistoriamilitar.cl\/academia\/desastre-de-curalaba\/","title":{"rendered":"DESASTRE DE CURALABA"},"content":{"rendered":"<p><strong>*SEG\u00daN BARROS ARANA, SUCEDI\u00d3 EL 23 DE DICIEMBRE DE 1598*<\/strong><\/p>\n<p>El gobernador Mart\u00edn Garc\u00eda O\u00f1ez de Loyola pas\u00f3 el verano de 1597-1598 sin enfrentar a los ind\u00edgenas del sur, los cuales, por otra parte, se manten\u00edan tranquilos. En abril se traslad\u00f3 a Concepci\u00f3n para pasar el invierno junto a su familia y se dedic\u00f3 al trabajo administrativo. Al venir la primavera impuls\u00f3 una nueva campa\u00f1a, de forma que incluso los vecinos de Santiago debieron contribuir con jinetes. En esa misma estaci\u00f3n hizo una visita a las ciudades del sur. Fue entonces cuando el corregidor de Angol le inform\u00f3 acerca del levantamiento de los habitantes de Pur\u00e9n, de manera que sali\u00f3 el 25 de diciembre desde La Imperial y tom\u00f3 camino hacia Angol. El camino era en s\u00ed peligroso, pero el gobernador estaba confiado en la superioridad de sus hombres. En el camino arribaron a un lugar llamado Curalaba, situado en las orillas del r\u00edo Lumaco, donde se entregaron al descanso y sin tomar las medidas de precauci\u00f3n pertinentes. El caudillo de los ind\u00edgenas de la regi\u00f3n era Pelantaru, quien reuni\u00f3 a un grupo grande de guerreros con el fin de asaltar el campamento espa\u00f1ol. Aprovecharon la noche para acercarse a este recinto y en la madrugada del d\u00eda 23 de diciembre cayeron sobre los europeos. Estos \u00faltimos trataron de defenderse, pero sus esfuerzos fueron in\u00fatiles; de hecho, all\u00ed pereci\u00f3 la mayor\u00eda de ellos, incluyendo el gobernador O\u00f1ez de Loyola.<\/p>\n<p>Con este hecho comenz\u00f3 un levantamiento general en Arauco, el cual puso en peligro toda la obra de la conquista de Chile. Una despu\u00e9s de otra fueron cayendo las plazas que se hab\u00edan establecido al sur del r\u00edo Biob\u00edo, por lo cual los europeos advirtieron que la frontera sur del reino de Chile iba a ser ese curso fluvial. Este gran desastre de las armas espa\u00f1olas determinar\u00e1 la creaci\u00f3n de un Ej\u00e9rcito permanente y el establecimiento de una l\u00ednea de fuertes a lo largo del Biob\u00edo. (1)<\/p>\n<p>Por<br \/>\nEduardo Arriagada A.<br \/>\nHistoriador PUC.<br \/>\nMag\u00edster en Historia Militar y Pensamiento Estrat\u00e9gico.<br \/>\nAcademia de Historia Militar.<\/p>\n<p><strong>NOTAS AL PIE:<\/strong><br \/>\n<strong>1. Diego Barros Arana, Historia General de Chile. Tomo II. Santiago, Editorial Nascimento, segunda edici\u00f3n, 1930, p\u00e1ginas 248 \u2013 254.<\/strong><\/p>\n","protected":false},"excerpt":{"rendered":"<p>*SEG\u00daN BARROS ARANA, SUCEDI\u00d3 EL 23 DE DICIEMBRE DE 1598* El gobernador Mart\u00edn<span class=\"excerpt-hellip\"> [\u2026]<\/span><\/p>\n","protected":false},"author":1,"featured_media":7063,"comment_status":"open","ping_status":"open","sticky":false,"template":"","format":"standard","meta":{"footnotes":""},"categories":[14],"tags":[29],"class_list":["post-171","post","type-post","status-publish","format-standard","has-post-thumbnail","hentry","category-efemerides","tag-diciembre"],"_links":{"self":[{"href":"https:\/\/www.academiahistoriamilitar.cl\/academia\/wp-json\/wp\/v2\/posts\/171","targetHints":{"allow":["GET"]}}],"collection":[{"href":"https:\/\/www.academiahistoriamilitar.cl\/academia\/wp-json\/wp\/v2\/posts"}],"about":[{"href":"https:\/\/www.academiahistoriamilitar.cl\/academia\/wp-json\/wp\/v2\/types\/post"}],"author":[{"embeddable":true,"href":"https:\/\/www.academiahistoriamilitar.cl\/academia\/wp-json\/wp\/v2\/users\/1"}],"replies":[{"embeddable":true,"href":"https:\/\/www.academiahistoriamilitar.cl\/academia\/wp-json\/wp\/v2\/comments?post=171"}],"version-history":[{"count":4,"href":"https:\/\/www.academiahistoriamilitar.cl\/academia\/wp-json\/wp\/v2\/posts\/171\/revisions"}],"predecessor-version":[{"id":7472,"href":"https:\/\/www.academiahistoriamilitar.cl\/academia\/wp-json\/wp\/v2\/posts\/171\/revisions\/7472"}],"wp:featuredmedia":[{"embeddable":true,"href":"https:\/\/www.academiahistoriamilitar.cl\/academia\/wp-json\/wp\/v2\/media\/7063"}],"wp:attachment":[{"href":"https:\/\/www.academiahistoriamilitar.cl\/academia\/wp-json\/wp\/v2\/media?parent=171"}],"wp:term":[{"taxonomy":"category","embeddable":true,"href":"https:\/\/www.academiahistoriamilitar.cl\/academia\/wp-json\/wp\/v2\/categories?post=171"},{"taxonomy":"post_tag","embeddable":true,"href":"https:\/\/www.academiahistoriamilitar.cl\/academia\/wp-json\/wp\/v2\/tags?post=171"}],"curies":[{"name":"wp","href":"https:\/\/api.w.org\/{rel}","templated":true}]}}