{"id":170,"date":"1599-12-01T11:17:51","date_gmt":"1599-12-01T11:17:51","guid":{"rendered":""},"modified":"2018-06-08T17:25:13","modified_gmt":"2018-06-08T17:25:13","slug":"asalto-a-osorno","status":"publish","type":"post","link":"https:\/\/www.academiahistoriamilitar.cl\/academia\/asalto-a-osorno\/","title":{"rendered":"ASALTO A OSORNO"},"content":{"rendered":"<p>S\/d. Diciembre de 1599<\/p>\n<p>En el contexto de la gran insurrecci\u00f3n ind\u00edgena que se deton\u00f3 en 1598, las ciudades del sur de Chile se vieron asediadas por los naturales de la regi\u00f3n. El virrey del Per\u00fa fue informado acerca de los sucesos en Chile y, entre otras iniciativas, envi\u00f3 una fuerza de doscientos ochenta hombres al mando del coronel Francisco del Campo. A fines de noviembre de 1599 hab\u00eda sido destruida Valdivia y los ind\u00edgenas pusieron en serio peligro a la plaza de Osorno. Aquellas tropas desembarcaron en Valdivia el 5 de diciembre de 1898 (cuando de esta ciudad s\u00f3lo quedaban sus ruinas) y marcharon con cuidado en direcci\u00f3n a Osorno. A llegar a esta \u00faltima plaza, que tambi\u00e9n contaba con un contingente de hombres, se reuni\u00f3 un total de cerca de cuatrocientos efectivos. En una noche, los ind\u00edgenas atacaron la ciudad, pensando que los espa\u00f1oles estaban desprevenidos. Sin embargo, esto \u00faltimo no era efectivo y el coronel Campo logr\u00f3 rechazar a los enemigos, e incluso realiz\u00f3 campeadas en las cercan\u00edas de la plaza. Confiado en esta victoria, Francisco del Campo regres\u00f3 a Valdivia y dej\u00f3 en Osorno a una parte de sus hombres. [1]<\/p>\n<p>[1] Diego Barros Arana, Historia General de Chile. Tomo II. Santiago, Editorial Nascimento, segunda edici\u00f3n, 1930, p\u00e1ginas 308 \u2013 311.<\/p>\n","protected":false},"excerpt":{"rendered":"<p>S\/d. Diciembre de 1599 En el contexto de la gran insurrecci\u00f3n ind\u00edgena que<span class=\"excerpt-hellip\"> [\u2026]<\/span><\/p>\n","protected":false},"author":1,"featured_media":4476,"comment_status":"open","ping_status":"open","sticky":false,"template":"","format":"standard","meta":{"footnotes":""},"categories":[14],"tags":[29],"class_list":["post-170","post","type-post","status-publish","format-standard","has-post-thumbnail","hentry","category-efemerides","tag-diciembre"],"_links":{"self":[{"href":"https:\/\/www.academiahistoriamilitar.cl\/academia\/wp-json\/wp\/v2\/posts\/170","targetHints":{"allow":["GET"]}}],"collection":[{"href":"https:\/\/www.academiahistoriamilitar.cl\/academia\/wp-json\/wp\/v2\/posts"}],"about":[{"href":"https:\/\/www.academiahistoriamilitar.cl\/academia\/wp-json\/wp\/v2\/types\/post"}],"author":[{"embeddable":true,"href":"https:\/\/www.academiahistoriamilitar.cl\/academia\/wp-json\/wp\/v2\/users\/1"}],"replies":[{"embeddable":true,"href":"https:\/\/www.academiahistoriamilitar.cl\/academia\/wp-json\/wp\/v2\/comments?post=170"}],"version-history":[{"count":1,"href":"https:\/\/www.academiahistoriamilitar.cl\/academia\/wp-json\/wp\/v2\/posts\/170\/revisions"}],"predecessor-version":[{"id":5019,"href":"https:\/\/www.academiahistoriamilitar.cl\/academia\/wp-json\/wp\/v2\/posts\/170\/revisions\/5019"}],"wp:featuredmedia":[{"embeddable":true,"href":"https:\/\/www.academiahistoriamilitar.cl\/academia\/wp-json\/wp\/v2\/media\/4476"}],"wp:attachment":[{"href":"https:\/\/www.academiahistoriamilitar.cl\/academia\/wp-json\/wp\/v2\/media?parent=170"}],"wp:term":[{"taxonomy":"category","embeddable":true,"href":"https:\/\/www.academiahistoriamilitar.cl\/academia\/wp-json\/wp\/v2\/categories?post=170"},{"taxonomy":"post_tag","embeddable":true,"href":"https:\/\/www.academiahistoriamilitar.cl\/academia\/wp-json\/wp\/v2\/tags?post=170"}],"curies":[{"name":"wp","href":"https:\/\/api.w.org\/{rel}","templated":true}]}}