{"id":164,"date":"1766-12-25T10:35:44","date_gmt":"1766-12-25T10:35:44","guid":{"rendered":""},"modified":"2021-12-24T14:59:02","modified_gmt":"2021-12-24T14:59:02","slug":"alzamiento-general-de-indios-de-1766","status":"publish","type":"post","link":"https:\/\/www.academiahistoriamilitar.cl\/academia\/alzamiento-general-de-indios-de-1766\/","title":{"rendered":"ALZAMIENTO GENERAL IND\u00cdGENA DE 1766"},"content":{"rendered":"<p>25 de diciembre de 1766<\/p>\n<p>Durante el gobierno del brigadier Antonio Guill y Gonzaga (1755 \u2013 1767) se efectu\u00f3 un intento de reducir a los ind\u00edgenas del sur de Chile en pueblos. Esto no fue bien recibido por estos \u00faltimos; de hecho, varios caciques se opusieron y algunos de ellos fueron apresados y llevados a Concepci\u00f3n, donde fueron amenazados. El mismo gobernador se traslad\u00f3 a esta \u00faltima ciudad en abril de 1766 para preparar este trabajo. El maestre de campo Salvador Cabrito (quien ten\u00eda el mando superior de la frontera) prepar\u00f3 tres cuerpos de tropas para apoyar estas labores y el mismo comand\u00f3 una de esas unidades. Los ind\u00edgenas, por su parte y en forma silenciosa fueron preparando un levantamiento general, y el 25 de diciembre de 1766 cayeron sobre las poblaciones que se estaban formando, incendiando sus casas y persiguiendo a los espa\u00f1oles. Estos \u00faltimos debieron retirarse a los fuertes que se encontraban emplazados a lo largo del r\u00edo Biob\u00edo. El maestre de campo Cabrito qued\u00f3 sitiado en Angol por los guerreros del cacique Curi\u00f1ancu. Uno de sus subalternos, el sargento mayor Francisco Ribera, pese a quedar herido, reuni\u00f3 en Nacimiento un cuerpos de cerca de quinientos jinetes los cuales llegaron el 30 de diciembre a Angol, donde cayeron sobre los ind\u00edgenas sitiadores y los dispersaron. Aqu\u00e9l jefe militar pudo entonces regresar a Nacimiento. Esta rebeli\u00f3n ind\u00edgena no tom\u00f3 mayores proporciones, ya que su prop\u00f3sito era solo expulsar a los europeos del territorio que \u00e9stos quer\u00edan someter; de hecho, no tuvieron intenciones de atacar los fuertes del Biob\u00edo.<\/p>\n<p>Entretanto, los ind\u00edgenas pehuenches (que poblaban la cordillera) se dijeron aliados de los espa\u00f1oles y bajaron de las monta\u00f1as en enero de 1767 para caer sobre las poblaciones mapuches de los llanos, dando esto lugar a luchas sangrientas. Por su parte, los espa\u00f1oles no se aprovecharon de esta situaci\u00f3n.<\/p>\n<p>El gobernador Guill y Gonzaga supo en Santiago acerca de los sucesos en el sur, lo cual lo afect\u00f3 profundamente. Acudi\u00f3 al obispo de Concepci\u00f3n para que tranquilizara a los ind\u00edgenas, comisi\u00f3n que este prelado acept\u00f3 y el 17 de enero se present\u00f3 en Nacimiento acompa\u00f1ado de otros eclesi\u00e1sticos. Empez\u00f3 por alejar de aquella plaza al maestre de campo Cabrito y a otros jefes militares que estaban deseosos de ejecutar una campa\u00f1a contra los naturales; en tanto que estos \u00faltimos, cuando vieron que se les iba dejando tranquilos en sus tierras, se fueron aquietando. El obispo regres\u00f3 a Concepci\u00f3n en febrero del mismo a\u00f1o. Esta situaci\u00f3n en la frontera no dej\u00f3 contentos a numerosos militares y algunos eclesi\u00e1sticos, los cuales deseaban llevar adelante el proceso de reducci\u00f3n de los ind\u00edgenas en pueblos. Esto se tradujo en fuertes murmuraciones y en circulaci\u00f3n de pasquines, en los que ambas partes se acusaban rec\u00edprocamente. El gobernador restableci\u00f3 en Concepci\u00f3n la antigua junta de guerra, en la cual los m\u00e1s altos jefes militares, los oficiales reales y el obispo de Concepci\u00f3n acordaron medidas encaminadas a tranquilizar la frontera, y a terminar la guerra que los ind\u00edgenas se hac\u00edan entre s\u00ed. 1<\/p>\n<p>Por<br \/>\nEduardo Arriagada Aljaro.<br \/>\nHistoriador PUC<br \/>\nAcademia de Historia Militar<\/p>\n<p>Notas al Pie:<\/p>\n<p>1. Diego Barros Arana, Historia General de Chile. Tomo VI. Santiago, Editorial Nascimento, Segunda edici\u00f3n, 1932, p\u00e1ginas 254 \u2013 258.<\/p>\n","protected":false},"excerpt":{"rendered":"<p>25 de diciembre de 1766 Durante el gobierno del brigadier Antonio Guill y<span class=\"excerpt-hellip\"> [\u2026]<\/span><\/p>\n","protected":false},"author":1,"featured_media":4470,"comment_status":"open","ping_status":"open","sticky":false,"template":"","format":"standard","meta":{"footnotes":""},"categories":[14],"tags":[29],"class_list":["post-164","post","type-post","status-publish","format-standard","has-post-thumbnail","hentry","category-efemerides","tag-diciembre"],"_links":{"self":[{"href":"https:\/\/www.academiahistoriamilitar.cl\/academia\/wp-json\/wp\/v2\/posts\/164","targetHints":{"allow":["GET"]}}],"collection":[{"href":"https:\/\/www.academiahistoriamilitar.cl\/academia\/wp-json\/wp\/v2\/posts"}],"about":[{"href":"https:\/\/www.academiahistoriamilitar.cl\/academia\/wp-json\/wp\/v2\/types\/post"}],"author":[{"embeddable":true,"href":"https:\/\/www.academiahistoriamilitar.cl\/academia\/wp-json\/wp\/v2\/users\/1"}],"replies":[{"embeddable":true,"href":"https:\/\/www.academiahistoriamilitar.cl\/academia\/wp-json\/wp\/v2\/comments?post=164"}],"version-history":[{"count":2,"href":"https:\/\/www.academiahistoriamilitar.cl\/academia\/wp-json\/wp\/v2\/posts\/164\/revisions"}],"predecessor-version":[{"id":8247,"href":"https:\/\/www.academiahistoriamilitar.cl\/academia\/wp-json\/wp\/v2\/posts\/164\/revisions\/8247"}],"wp:featuredmedia":[{"embeddable":true,"href":"https:\/\/www.academiahistoriamilitar.cl\/academia\/wp-json\/wp\/v2\/media\/4470"}],"wp:attachment":[{"href":"https:\/\/www.academiahistoriamilitar.cl\/academia\/wp-json\/wp\/v2\/media?parent=164"}],"wp:term":[{"taxonomy":"category","embeddable":true,"href":"https:\/\/www.academiahistoriamilitar.cl\/academia\/wp-json\/wp\/v2\/categories?post=164"},{"taxonomy":"post_tag","embeddable":true,"href":"https:\/\/www.academiahistoriamilitar.cl\/academia\/wp-json\/wp\/v2\/tags?post=164"}],"curies":[{"name":"wp","href":"https:\/\/api.w.org\/{rel}","templated":true}]}}