{"id":135,"date":"1560-09-25T12:47:10","date_gmt":"1560-09-25T12:47:10","guid":{"rendered":""},"modified":"2018-08-07T15:00:25","modified_gmt":"2018-08-07T15:00:25","slug":"combate-de-budeuca","status":"publish","type":"post","link":"https:\/\/www.academiahistoriamilitar.cl\/academia\/combate-de-budeuca\/","title":{"rendered":"COMBATE DE BUDEUCA"},"content":{"rendered":"<p>c.25 de Septiembre de 1560<\/p>\n<p>Alejo, h\u00e1bil estratega derrota al capit\u00e1n Jos\u00e9 de Zu\u00f1iga que muere en el combate junto a la mayor\u00eda de sus soldados.<\/p>\n<p>*SE TRABAJA EN EFEMERIDE M\u00c1S EXTENSA*<\/p>\n","protected":false},"excerpt":{"rendered":"<p>c.25 de Septiembre de 1560 Alejo, h\u00e1bil estratega derrota al capit\u00e1n Jos\u00e9 de<span class=\"excerpt-hellip\"> [\u2026]<\/span><\/p>\n","protected":false},"author":1,"featured_media":4454,"comment_status":"open","ping_status":"open","sticky":false,"template":"","format":"standard","meta":{"footnotes":""},"categories":[14],"tags":[41],"class_list":["post-135","post","type-post","status-publish","format-standard","has-post-thumbnail","hentry","category-efemerides","tag-septiembre"],"_links":{"self":[{"href":"https:\/\/www.academiahistoriamilitar.cl\/academia\/wp-json\/wp\/v2\/posts\/135","targetHints":{"allow":["GET"]}}],"collection":[{"href":"https:\/\/www.academiahistoriamilitar.cl\/academia\/wp-json\/wp\/v2\/posts"}],"about":[{"href":"https:\/\/www.academiahistoriamilitar.cl\/academia\/wp-json\/wp\/v2\/types\/post"}],"author":[{"embeddable":true,"href":"https:\/\/www.academiahistoriamilitar.cl\/academia\/wp-json\/wp\/v2\/users\/1"}],"replies":[{"embeddable":true,"href":"https:\/\/www.academiahistoriamilitar.cl\/academia\/wp-json\/wp\/v2\/comments?post=135"}],"version-history":[{"count":1,"href":"https:\/\/www.academiahistoriamilitar.cl\/academia\/wp-json\/wp\/v2\/posts\/135\/revisions"}],"predecessor-version":[{"id":5638,"href":"https:\/\/www.academiahistoriamilitar.cl\/academia\/wp-json\/wp\/v2\/posts\/135\/revisions\/5638"}],"wp:featuredmedia":[{"embeddable":true,"href":"https:\/\/www.academiahistoriamilitar.cl\/academia\/wp-json\/wp\/v2\/media\/4454"}],"wp:attachment":[{"href":"https:\/\/www.academiahistoriamilitar.cl\/academia\/wp-json\/wp\/v2\/media?parent=135"}],"wp:term":[{"taxonomy":"category","embeddable":true,"href":"https:\/\/www.academiahistoriamilitar.cl\/academia\/wp-json\/wp\/v2\/categories?post=135"},{"taxonomy":"post_tag","embeddable":true,"href":"https:\/\/www.academiahistoriamilitar.cl\/academia\/wp-json\/wp\/v2\/tags?post=135"}],"curies":[{"name":"wp","href":"https:\/\/api.w.org\/{rel}","templated":true}]}}