{"id":132,"date":"1838-09-18T12:44:26","date_gmt":"1838-09-18T12:44:26","guid":{"rendered":""},"modified":"2018-08-07T14:44:06","modified_gmt":"2018-08-07T14:44:06","slug":"combate-de-matucana","status":"publish","type":"post","link":"https:\/\/www.academiahistoriamilitar.cl\/academia\/combate-de-matucana\/","title":{"rendered":"COMBATE DE MATUCANA"},"content":{"rendered":"<p>18 de Septiembre de 1838<\/p>\n<p>Extra\u00eddo de las Memorias de Antonio Barrena Lopetegui.<\/p>\n<p>\u201cPero, antes de continuar, voy a referirme a lo que ocurri\u00f3 el 18 de septiembre de 1838, lo cu\u00e1l he guardado expresamente por los motivos que vamos a apreciar.<\/p>\n<p>Ese d\u00eda la guarnici\u00f3n peruana que hab\u00eda en El Callao, provista de mucho armamento, acometi\u00f3 nuestras avanzadas valientemente. Nuestras tropas sostuvieron el ataque desde las 7 A. M., hora en que fue rechazada, a pesar de que desde la Fortaleza nos hicieron al mismo tiempo m\u00e1s de 200 tiros de ca\u00f1\u00f3n. Perdimos 3 soldados del Portales, uno del Carampangue y quedaron tres heridos del Aconcagua. Tan pocas bajas deb\u00edan haber sido muchas m\u00e1s, acusando la mala disciplina del soldado peruano.<\/p>\n<p>Al mismo tiempo que los peruanos que pretend\u00edan empa\u00f1ar las glorias de ese d\u00eda tan significativo para todo chileno, dando un golpe a las tropas sitiadoras, avanzadas del ej\u00e9rcito de Santa Cruz siguieron igual prop\u00f3sito dando lugar al Combate de Matucana.<br \/>\nEncontr\u00e1ndose el general Miller a la cabeza de montoneros en los alrededores de Matucana, pueblo cercano a Lima, para preparar el camino al grueso del ej\u00e9rcito de Santa Cruz o para mantenerlos en estado de alerta en forma indefinida, afectando la capacidad combativa de los invasores, se enviaron algunas Compa\u00f1\u00edas del Batall\u00f3n Santiago para tomar posesi\u00f3n de aqu\u00e9l lugar lo que se obtuvo f\u00e1cilmente.<\/p>\n<p>Sin temor a enemigos que en ese momento se encontraban en las inmediaciones , la mayor\u00eda de los soldados del Santiago acudieron a la Iglesia de Matucana, a la celebraci\u00f3n de un Te Deum en recuerdo del glorioso 18 de septiembre de 1810, d\u00eda de la Independencia Nacional; permaneciendo las armas en pabellones en la plaza y los centinelas y guardias de pabellones en sus puestos.<\/p>\n<p>Pero la voz de \u2013 \u00a1el enemigo! \u2013 interrumpi\u00f3 la ceremonia, los soldados se precipitaron sobre los fusiles y los oficiales organizaron la defensa. El enemigo, que no eran los montoneros, en 50 horas hab\u00eda hecho una jornada de 30 leguas para dar la sorpresa. En conocimiento de todas las circunstancias y del abandono de los fusiles en la guarnici\u00f3n.<\/p>\n<p>El combate se gest\u00f3 entre 270 soldados chilenos y 500 escogidos de las tropas boliviana, siendo estos \u00faltimos obligados a ceder paso a paso las calles del pueblo, hasta que se dispersaron en completa derrota. Quien mandaba las tropas bolivianas era el acreditado general Otero, y a la cabeza de las nuestras el general Torrico que hizo el triste papel de derrotado victorioso, pues ech\u00f3 a correr en los primeros momentos para presentarse una vez terminada la funci\u00f3n.<\/p>\n<p>Esta batalla no deber\u00eda llevar tal adjetivo, sino el de combate que fue extraordinariamente celebrado en Lima, tanto porque conven\u00eda hacer resaltar nuestra superioridad sobre el enemigo. El Batall\u00f3n Santiago era de reciente formaci\u00f3n y sus soldados eran todos reclutas, siendo ambos motivos coincidentes en estimular el orgullo y af\u00e1n de superaci\u00f3n de todo el Ej\u00e9rcito Restaurador.\u201d[1]<\/p>\n<p>Nota al pie:<br \/>\n[1] Molina Hern\u00e1ndez, Jorge Javier. \u201cVida de un soldado. Desde la toma de Valdivia a la victoria de Yungay. Investigaci\u00f3n y edici\u00f3n de los manuscritos de Antonio Barrena Lopetegui.\u201d RIL Editores. 1\u00aa edici\u00f3n. Santiago de Chile, 2009. pp. 204 &#8211; 207.<\/p>\n","protected":false},"excerpt":{"rendered":"<p>18 de Septiembre de 1838 Extra\u00eddo de las Memorias de Antonio Barrena Lopetegui.<span class=\"excerpt-hellip\"> [\u2026]<\/span><\/p>\n","protected":false},"author":1,"featured_media":4451,"comment_status":"open","ping_status":"open","sticky":false,"template":"","format":"standard","meta":{"footnotes":""},"categories":[14],"tags":[41],"class_list":["post-132","post","type-post","status-publish","format-standard","has-post-thumbnail","hentry","category-efemerides","tag-septiembre"],"_links":{"self":[{"href":"https:\/\/www.academiahistoriamilitar.cl\/academia\/wp-json\/wp\/v2\/posts\/132","targetHints":{"allow":["GET"]}}],"collection":[{"href":"https:\/\/www.academiahistoriamilitar.cl\/academia\/wp-json\/wp\/v2\/posts"}],"about":[{"href":"https:\/\/www.academiahistoriamilitar.cl\/academia\/wp-json\/wp\/v2\/types\/post"}],"author":[{"embeddable":true,"href":"https:\/\/www.academiahistoriamilitar.cl\/academia\/wp-json\/wp\/v2\/users\/1"}],"replies":[{"embeddable":true,"href":"https:\/\/www.academiahistoriamilitar.cl\/academia\/wp-json\/wp\/v2\/comments?post=132"}],"version-history":[{"count":1,"href":"https:\/\/www.academiahistoriamilitar.cl\/academia\/wp-json\/wp\/v2\/posts\/132\/revisions"}],"predecessor-version":[{"id":5633,"href":"https:\/\/www.academiahistoriamilitar.cl\/academia\/wp-json\/wp\/v2\/posts\/132\/revisions\/5633"}],"wp:featuredmedia":[{"embeddable":true,"href":"https:\/\/www.academiahistoriamilitar.cl\/academia\/wp-json\/wp\/v2\/media\/4451"}],"wp:attachment":[{"href":"https:\/\/www.academiahistoriamilitar.cl\/academia\/wp-json\/wp\/v2\/media?parent=132"}],"wp:term":[{"taxonomy":"category","embeddable":true,"href":"https:\/\/www.academiahistoriamilitar.cl\/academia\/wp-json\/wp\/v2\/categories?post=132"},{"taxonomy":"post_tag","embeddable":true,"href":"https:\/\/www.academiahistoriamilitar.cl\/academia\/wp-json\/wp\/v2\/tags?post=132"}],"curies":[{"name":"wp","href":"https:\/\/api.w.org\/{rel}","templated":true}]}}